{"id":1300,"date":"2014-07-09T11:43:58","date_gmt":"2014-07-09T14:43:58","guid":{"rendered":"http:\/\/lisandrogaertner.net\/blog\/?p=1300"},"modified":"2014-09-26T08:19:58","modified_gmt":"2014-09-26T11:19:58","slug":"a-derrota-do-brasil-tambem-e-culpa-sua","status":"publish","type":"post","link":"https:\/\/lisandrogaertner.net\/blog\/a-derrota-do-brasil-tambem-e-culpa-sua\/","title":{"rendered":"A Derrota do Brasil tamb\u00e9m \u00e9 culpa sua"},"content":{"rendered":"<p style=\"text-align: right;\"><em>Disclaimer: Antes que voc\u00ea venha me xingar, n\u00e3o entendo nada de futebol. O texto abaixo \u00e9 sobre comportamento e usa futebol apenas como gancho. OK?<\/em><\/p>\n<p>Passada a trag\u00e9dia, ou, melhor definido, como li por a\u00ed,a tragicom\u00e9dia anunciada, est\u00e1 na hora de levantar os aprendizados que tivemos com a Copa. P\u00e9ra a\u00ed! Aprendizados? \u00c9, aprendizados. Ou ser\u00e1 que vamos passar por isso sem aprender nada?<\/p>\n<p>Sim, eu sei, essa n\u00e3o \u00e9 a nossa maneira de agir. Seja no futebol, na pol\u00edtica, nos relacionamentos ou mesmo no trabalho, o brasileiro n\u00e3o \u00e9 um ser racional. Somos quentes, latinos, re-la-ci-o-nais. Ser racional no Brasil \u00e9 at\u00e9 palavr\u00e3o. Sin\u00f4nimo de frio, distante, chato. Quem j\u00e1 viu pensar? Coisa mais brega, Jesus! Eu quero \u00e9 fazer!<!--more--><\/p>\n<p>O que o Brasil gosta \u00e9 de aplauso, de farra, de pr\u00eamio. Criar esquemas mirabolantes que reneguem tudo o que passamos e rezar pra funcionar. \u00c9 a postura do pol\u00edtico, chefe ou namorado que derrubam tudo o que foi feito no passado pra construir de novo (t\u00e3o mal feito como antes) s\u00f3 pra poder inaugurar com uma placa com o seu nome. N\u00e3o somos afeitos a cr\u00edticas, coment\u00e1rios, sugest\u00f5es. N\u00e3o sabemos o que fazer com elas. N\u00e3o sabemos lidar com a informa\u00e7\u00e3o. Conferimos a elas um poder m\u00edstico de agourar o nosso futuro. Tudo pode estar indo mal mas quem procura esclarecer, discutir, planejar, reformular \u00e9 um traidor com olhar de seca pimenteira. Odiamos informa\u00e7\u00e3o, queremos afirma\u00e7\u00e3o.<\/p>\n<p>Queremos elogios, exalta\u00e7\u00e3o pr\u00e9via de quem pode vir a fazer algo, mas ainda n\u00e3o fez. Precisamos de her\u00f3is pois n\u00e3o temos cultura. O esfor\u00e7o individual \u00e9 essencial, pois n\u00e3o estamos nos ombros do proverbial gigante. Por isso precisamos a todo momento pular mais alto. Sozinhos. Para o bem ou para o mal.<\/p>\n<p>\u00c0s vezes, isso funciona e \u00e9 lindo, mas nem sempre, ou quase nunca, isso d\u00e1 certo. E quando a f\u00e9 n\u00e3o foi suficiente e a trag\u00e9dia se instaura, esses mesmos que tentaram ajudar com suas an\u00e1lises s\u00e3o executados em pra\u00e7a p\u00fablica como Cassandras culpadas apenas por ter o dom da profecia. Profecia? Profecia que nada. S\u00e3o apenas pessoas que abra\u00e7aram a racionalidade ao inv\u00e9s da exalta\u00e7\u00e3o e da f\u00e9 insana no que sabemos que n\u00e3o ir\u00e1 acontecer. Somos meninos apontando o dedo e avisando que o rei est\u00e1 n\u00fa. Somos inc\u00f4modos. Somos os n\u00e3o patriotas, os n\u00e3o corporativistas, os n\u00e3o apoiadores. Somos simplesmente racionais. E isso, no Brasil, \u00e9 crime.<\/p>\n<p>\u00c9, esse \u00e9 o Brasil. N\u00e3o aprendemos e lidamos com as trag\u00e9dias sempre do mesmo jeito: culpamos algu\u00e9m ou algo, botamos tudo o que constru\u00edmos abaixo e fazemos tudo de novo esperando que dessa vez v\u00e1 funcionar. Na tradicional defini\u00e7\u00e3o de Einstein: somos loucos.<\/p>\n<p>Mas n\u00e3o precisamos ser. Podemos come\u00e7ar pequeno, no nosso dia-a-dia, injetando um pouco de racionalidade e aprendizado na nossa rotina. Olhar pro que aconteceu de forma cr\u00edtica, considerar onde erramos sem crucificar ningu\u00e9m, rever nossos objetivos e replanejar. Podemos fazer isso em tudo. Nas nossas rela\u00e7\u00f5es, nos nossos trabalhos, na pol\u00edtica e, quem sabe um dia, at\u00e9 no no Futebol. Podemos dar saltos incrementais, aproveitando as experi\u00eancias do passado e evitar esse c\u00edrculo vicioso de exalta\u00e7\u00e3o precoce dos her\u00f3is, evita\u00e7\u00e3o dos sinais de desastre, baz\u00f3fia de machinho, trag\u00e9dia vergonhosa e malha\u00e7\u00e3o dos inocentes.<\/p>\n<p>Enfim, n\u00e3o precisamos ser todos Felip\u00f5es. N\u00e3o mais. Ser\u00e1 que apenas isso podemos aprender?<\/p>\n","protected":false},"excerpt":{"rendered":"<p>Disclaimer: Antes que voc\u00ea venha me xingar, n\u00e3o entendo nada de futebol. O texto abaixo \u00e9 sobre comportamento e usa futebol apenas como gancho. OK? Passada a trag\u00e9dia, ou, melhor definido, como li por a\u00ed,a tragicom\u00e9dia anunciada, est\u00e1 na hora de levantar os aprendizados que tivemos com a Copa. P\u00e9ra a\u00ed! Aprendizados? \u00c9, aprendizados. Ou [&hellip;]<\/p>\n","protected":false},"author":1,"featured_media":0,"comment_status":"open","ping_status":"open","sticky":false,"template":"","format":"standard","meta":{"footnotes":""},"categories":[1],"tags":[],"class_list":["post-1300","post","type-post","status-publish","format-standard","hentry","category-escritos"],"_links":{"self":[{"href":"https:\/\/lisandrogaertner.net\/blog\/wp-json\/wp\/v2\/posts\/1300","targetHints":{"allow":["GET"]}}],"collection":[{"href":"https:\/\/lisandrogaertner.net\/blog\/wp-json\/wp\/v2\/posts"}],"about":[{"href":"https:\/\/lisandrogaertner.net\/blog\/wp-json\/wp\/v2\/types\/post"}],"author":[{"embeddable":true,"href":"https:\/\/lisandrogaertner.net\/blog\/wp-json\/wp\/v2\/users\/1"}],"replies":[{"embeddable":true,"href":"https:\/\/lisandrogaertner.net\/blog\/wp-json\/wp\/v2\/comments?post=1300"}],"version-history":[{"count":1,"href":"https:\/\/lisandrogaertner.net\/blog\/wp-json\/wp\/v2\/posts\/1300\/revisions"}],"predecessor-version":[{"id":1301,"href":"https:\/\/lisandrogaertner.net\/blog\/wp-json\/wp\/v2\/posts\/1300\/revisions\/1301"}],"wp:attachment":[{"href":"https:\/\/lisandrogaertner.net\/blog\/wp-json\/wp\/v2\/media?parent=1300"}],"wp:term":[{"taxonomy":"category","embeddable":true,"href":"https:\/\/lisandrogaertner.net\/blog\/wp-json\/wp\/v2\/categories?post=1300"},{"taxonomy":"post_tag","embeddable":true,"href":"https:\/\/lisandrogaertner.net\/blog\/wp-json\/wp\/v2\/tags?post=1300"}],"curies":[{"name":"wp","href":"https:\/\/api.w.org\/{rel}","templated":true}]}}