{"id":4170,"date":"2021-04-21T08:45:10","date_gmt":"2021-04-21T11:45:10","guid":{"rendered":"https:\/\/lisandrogaertner.net\/blog\/?p=4170"},"modified":"2023-10-12T13:59:32","modified_gmt":"2023-10-12T16:59:32","slug":"feriado-ainda-que-tardio","status":"publish","type":"post","link":"https:\/\/lisandrogaertner.net\/blog\/feriado-ainda-que-tardio\/","title":{"rendered":"Feriado, ainda que tardio"},"content":{"rendered":"<p>Nem parece feriado. Quem trabalha presencial vai trabalhar, pois o feriado foi antecipado. O mesmo vale para as escolas, que ficaram fechadas durante o recesso sanit\u00e1rio. Agora, pra quem, como eu, trabalhou remoto \u00e9 folga. Para comemorar o qu\u00ea, mesmo? Ah, Tiradentes.<\/p>\n<p>Era melhor terem cancelado o feriado logo, ao inv\u00e9s de antecipar. Nem faz mais sentido comemorar a fracassada Inconfid\u00eancia Mineira num pa\u00eds onde o governo conspira para assassinar a popula\u00e7\u00e3o de fome, guerra ou peste. Ou talvez agora fa\u00e7a mais sentido do que antes. Precisamos, sim, de liberdade, mesmo que tardia. N\u00e3o para sair de casa, como ambicionam os genocidas negacionistas, mas sim para ficar nela. Protegidos. Em todos os sentidos. Mas at\u00e9 isso nos \u00e9 negado em nome de um arremedo de meritocracia inventada para perpetuar uma elite no poder e continuar escravizando todo um povo sob a fal\u00e1cia que o trabalho enobrece e sob a fantasia que seu esfor\u00e7o e sua compet\u00eancia far\u00e3o diferen\u00e7a.<\/p>\n<p>Frente a esse cen\u00e1rio, s\u00f3 vejo uma sa\u00edda. Como com os portugueses na col\u00f4nia, n\u00e3o h\u00e1 espa\u00e7o para negociar e precisamos acabar logo com esse mal que nos acomete: o trabalho. \u00c9, ao inv\u00e9s de lutar por uma sociedade onde todos possam trabalhar, precisamos ter uma sociedade onde ningu\u00e9m precise trabalhar. E n\u00e3o \u00e9 dif\u00edcil; quer dizer, \u00e9, mas n\u00e3o \u00e9 imposs\u00edvel. S\u00f3 precisamos automatizar a maioria dos trabalhos, reduzir o nosso consumo, dar condi\u00e7\u00f5es b\u00e1sicas e confort\u00e1veis de vida a todos, e acabar com o ac\u00famulo de capital. Dessa forma, o trabalho n\u00e3o ser\u00e1 mais uma necessidade de sobreviv\u00eancia, mas uma maneira de nos doar a nossa coletividade. Seria bom, n\u00e9?<\/p>\n<p>\u00d3bvio que n\u00e3o d\u00e1 pra fazer isso do dia pra noite. Deve levar uns 50-100 anos, mas se n\u00e3o come\u00e7armos hoje s\u00f3 vai demorar mais. Ent\u00e3o, come\u00e7amos taxando as grandes fortunas ou pela renda m\u00ednima universal? Que tal os dois? E se a gente aproveitar e acabar tamb\u00e9m com as for\u00e7as armadas no mundo todo?<\/p>\n<p style=\"text-align: center;\"><em>BAM-BAM!<\/em><\/p>\n<p>Que diabo foi isso? Calma, era s\u00f3 uma porta batendo. Bom, sinal de que \u00e9 melhor eu ficar quieto hoje curtindo meu feriado. Afinal, se Tiradentes, que ambicionava bem menos, levou a pior h\u00e1 quase 230 anos, n\u00e3o sou eu, ainda n\u00e3o vacinado, que vou tirar onda de her\u00f3i. Pelo menos n\u00e3o hoje. Mas amanh\u00e3, ah, de amanh\u00e3, pode escrever, essa revolu\u00e7\u00e3o n\u00e3o passa; olha, que n\u00e3o passa mesmo.<\/p>\n<p style=\"text-align: center;\"><em>BAM-BAM!<\/em><\/p>\n<p>Pera a\u00ed, \u00e9 impress\u00e3o minha ou voc\u00eas tamb\u00e9m ouviram algu\u00e9m mexendo na porta?<\/p>\n","protected":false},"excerpt":{"rendered":"<p>Nem parece feriado. Quem trabalha presencial vai trabalhar, pois o feriado foi antecipado. O mesmo vale para as escolas, que ficaram fechadas durante o recesso sanit\u00e1rio. Agora, pra quem, como eu, trabalhou remoto \u00e9 folga. Para comemorar o qu\u00ea, mesmo? Ah, Tiradentes. Era melhor terem cancelado o feriado logo, ao inv\u00e9s de antecipar. Nem faz [&hellip;]<\/p>\n","protected":false},"author":1,"featured_media":0,"comment_status":"open","ping_status":"open","sticky":false,"template":"","format":"standard","meta":{"footnotes":""},"categories":[204],"tags":[],"class_list":["post-4170","post","type-post","status-publish","format-standard","hentry","category-blog"],"_links":{"self":[{"href":"https:\/\/lisandrogaertner.net\/blog\/wp-json\/wp\/v2\/posts\/4170","targetHints":{"allow":["GET"]}}],"collection":[{"href":"https:\/\/lisandrogaertner.net\/blog\/wp-json\/wp\/v2\/posts"}],"about":[{"href":"https:\/\/lisandrogaertner.net\/blog\/wp-json\/wp\/v2\/types\/post"}],"author":[{"embeddable":true,"href":"https:\/\/lisandrogaertner.net\/blog\/wp-json\/wp\/v2\/users\/1"}],"replies":[{"embeddable":true,"href":"https:\/\/lisandrogaertner.net\/blog\/wp-json\/wp\/v2\/comments?post=4170"}],"version-history":[{"count":6,"href":"https:\/\/lisandrogaertner.net\/blog\/wp-json\/wp\/v2\/posts\/4170\/revisions"}],"predecessor-version":[{"id":4176,"href":"https:\/\/lisandrogaertner.net\/blog\/wp-json\/wp\/v2\/posts\/4170\/revisions\/4176"}],"wp:attachment":[{"href":"https:\/\/lisandrogaertner.net\/blog\/wp-json\/wp\/v2\/media?parent=4170"}],"wp:term":[{"taxonomy":"category","embeddable":true,"href":"https:\/\/lisandrogaertner.net\/blog\/wp-json\/wp\/v2\/categories?post=4170"},{"taxonomy":"post_tag","embeddable":true,"href":"https:\/\/lisandrogaertner.net\/blog\/wp-json\/wp\/v2\/tags?post=4170"}],"curies":[{"name":"wp","href":"https:\/\/api.w.org\/{rel}","templated":true}]}}