{"id":4301,"date":"2021-05-10T07:55:53","date_gmt":"2021-05-10T10:55:53","guid":{"rendered":"https:\/\/lisandrogaertner.net\/blog\/?p=4301"},"modified":"2021-05-10T07:55:53","modified_gmt":"2021-05-10T10:55:53","slug":"duas-segundas","status":"publish","type":"post","link":"https:\/\/lisandrogaertner.net\/blog\/duas-segundas\/","title":{"rendered":"Duas segundas"},"content":{"rendered":"<p>Uma segunda qualquer em 2015. Eu acordava cedo com uma leve ressaca. Tinha fome mas a guardava para um momento especial. Tomava um banho quente e demorado, me vestia, e pegava o 434 pra ir pro trabalho.<\/p>\n<p>Saltava na Mem de S\u00e1 e, ao inv\u00e9s de seguir pela Rua dos Inv\u00e1lidos, eu rumava pela Ubaldino do Amaral que me levaria mais pr\u00f3ximo do meu destino. Ao lado da Caixa Econ\u00f4mica da Henrique Valadares numa rua quase de pedestres, l\u00e1 estava ela: a padaria.<\/p>\n<p>Era cedo, mais cedo do que meu hor\u00e1rio de entrada no trabalho, mas ela j\u00e1 estava cheia. As pessoas se moviam freneticamente pelo espa\u00e7o restrito, esbarrando entre si e com produtos velhos que ficavam em g\u00f4ndolas esquecidas. O que as pessoas queriam de verdade estava do outro lado do balc\u00e3o.<\/p>\n<p>Havia v\u00e1rias tribos: o pessoal do suco de goiaba e sandu\u00edche natural; os que queriam um salgado, ou dois; os que enfiavam o p\u00e9 na jaca e j\u00e1 pediam um chessburger com coca; e o meu povo, o do misto com ovo. Buscando um al\u00edvio f\u00edsico para a ressaca de domingo, e um suporte espiritual para aguentar a semana, o nosso pedido era sempre o mesmo:<\/p>\n<p>&#8211; Um suco de laranja, um misto quente com ovo no p\u00e3o franc\u00eas e 100\u2026 n\u00e3o, 200 gramas de p\u00e3o de queijo.<\/p>\n<p>Com o adendo:<\/p>\n<p>&#8211; Pra viagem. Aceitam ticket?<\/p>\n<p>Pedido feito, era hora de navegar pelo mar de corpos que me impediam de chegar ao balc\u00e3o e entregar a notinha ao chapeiro.<\/p>\n<p>&#8211; Posso botar manteiga?- ele sempre perguntava.<\/p>\n<p>&#8211; Capricha- a gente sempre respondia.<\/p>\n<p>Ansiosos, esper\u00e1vamos pela vez que o nosso sandu\u00edche fosse pra chapa. Depois desse\u2026 ser\u00e1 que\u2026 agora vai. E ia. Eventualmente. N\u00e3o demorava nada, mas parecia uma eternidade. Sandu\u00edche pronto, suco no copo para viagem e o saquinho de p\u00e3o de queijo.<\/p>\n<p>&#8211; Olha o misto com ovo do amigo! &#8211; ele avisava que estava na minha hora de ir trabalhar.<\/p>\n<p>Equilibrando meu caf\u00e9 da manh\u00e3, eu passava pelas catracas, chamava o elevador e chegava at\u00e9 a minha mesa. Ningu\u00e9m ao meu redor. Ligava o computador e, enquanto ele zunia baixinho iniciando seus sistemas e ventoinhas, eu abria meu banquete. Beliscava um p\u00e3o de queijo, dava um gole no suco e uma generosa mordida no misto com ovo. Ele descia quente at\u00e9 a minha barriga e me dava uma sensa\u00e7\u00e3o gostosa de voltar para casa. Abria o e-mail, e, entre uma mordida e outra, eu come\u00e7ava a trabalhar. Estava tudo bem.<\/p>\n<p>Hoje, uma segunda feira em 2021. Acordei cedo. Uma ressaca similar a de 6 anos atr\u00e1s, mas, ao mesmo tempo, completamente diferente. N\u00e3o tenho pra onde ir. Me arrisco a fazer um misto com ovo, eu mesmo. N\u00e3o fica ruim, mas n\u00e3o \u00e9 a mesma coisa que o da padaria. N\u00e3o falta s\u00f3 habilidade, falta contexto.<\/p>\n<p>Na despensa que transformei em arm\u00e1rio office, ligo o computador, que inicia muito mais rapidamente do que h\u00e1 seis anos, e come\u00e7o a trabalhar. Entre uma mordida e outra, sou transportado para a padaria. Seus cheiros e sons, suas emo\u00e7\u00f5es e sensa\u00e7\u00f5es. Sinto saudades. Me pergunto se a padaria ainda est\u00e1 aberta ap\u00f3s todas as crises que vivemos, incluindo a pandemia. Recorro ao Google Maps. Diz que est\u00e1 aberta, mas a foto, de 2019, mostra uma porta fechada com uma placa de aluga-se.<\/p>\n<p>Eu me atrevo a ligar para o n\u00famero que consta ao lado do endere\u00e7o:<\/p>\n<p>&#8211; N\u00e3o foi poss\u00edvel completar sua liga\u00e7\u00e3o. Por favor, verifique o n\u00famero e tente novamente.<\/p>\n<p>Ser\u00e1 que depois de tudo o que passamos, n\u00e3o teremos mais um lar pra voltar? Dou uma outra mordida no misto, j\u00e1 frio, e ele desce com um gosto amargo. Ainda h\u00e1 trabalho a se fazer, gra\u00e7as a Deus, mas n\u00e3o h\u00e1 mais o sabor de tempos atr\u00e1s. Ser\u00e1 que se eu fizer um p\u00e3o de queijo, as coisas v\u00e3o melhorar? Claro, p\u00e3o de queijo sempre torna tudo melhor.<\/p>\n","protected":false},"excerpt":{"rendered":"<p>Uma segunda qualquer em 2015. Eu acordava cedo com uma leve ressaca. Tinha fome mas a guardava para um momento especial. Tomava um banho quente e demorado, me vestia, e pegava o 434 pra ir pro trabalho. Saltava na Mem de S\u00e1 e, ao inv\u00e9s de seguir pela Rua dos Inv\u00e1lidos, eu rumava pela Ubaldino [&hellip;]<\/p>\n","protected":false},"author":1,"featured_media":0,"comment_status":"open","ping_status":"open","sticky":false,"template":"","format":"standard","meta":{"footnotes":""},"categories":[204],"tags":[],"class_list":["post-4301","post","type-post","status-publish","format-standard","hentry","category-blog"],"_links":{"self":[{"href":"https:\/\/lisandrogaertner.net\/blog\/wp-json\/wp\/v2\/posts\/4301","targetHints":{"allow":["GET"]}}],"collection":[{"href":"https:\/\/lisandrogaertner.net\/blog\/wp-json\/wp\/v2\/posts"}],"about":[{"href":"https:\/\/lisandrogaertner.net\/blog\/wp-json\/wp\/v2\/types\/post"}],"author":[{"embeddable":true,"href":"https:\/\/lisandrogaertner.net\/blog\/wp-json\/wp\/v2\/users\/1"}],"replies":[{"embeddable":true,"href":"https:\/\/lisandrogaertner.net\/blog\/wp-json\/wp\/v2\/comments?post=4301"}],"version-history":[{"count":2,"href":"https:\/\/lisandrogaertner.net\/blog\/wp-json\/wp\/v2\/posts\/4301\/revisions"}],"predecessor-version":[{"id":4303,"href":"https:\/\/lisandrogaertner.net\/blog\/wp-json\/wp\/v2\/posts\/4301\/revisions\/4303"}],"wp:attachment":[{"href":"https:\/\/lisandrogaertner.net\/blog\/wp-json\/wp\/v2\/media?parent=4301"}],"wp:term":[{"taxonomy":"category","embeddable":true,"href":"https:\/\/lisandrogaertner.net\/blog\/wp-json\/wp\/v2\/categories?post=4301"},{"taxonomy":"post_tag","embeddable":true,"href":"https:\/\/lisandrogaertner.net\/blog\/wp-json\/wp\/v2\/tags?post=4301"}],"curies":[{"name":"wp","href":"https:\/\/api.w.org\/{rel}","templated":true}]}}