{"id":4327,"date":"2021-05-15T07:47:36","date_gmt":"2021-05-15T10:47:36","guid":{"rendered":"https:\/\/lisandrogaertner.net\/blog\/?p=4327"},"modified":"2021-05-15T07:47:36","modified_gmt":"2021-05-15T10:47:36","slug":"o-guia-de-retorno-a-normalidade-para-antissociais","status":"publish","type":"post","link":"https:\/\/lisandrogaertner.net\/blog\/o-guia-de-retorno-a-normalidade-para-antissociais\/","title":{"rendered":"O Guia de Retorno \u00e0 Normalidade para Antissociais"},"content":{"rendered":"<p>Eu sei que ainda falta um pouco(?) mas \u00e9 importante estar preparado.<\/p>\n<p>A pandemia, especialmente no Brasil, foi algo terr\u00edvel, mas, dentro de toda essa trag\u00e9dia, algumas coisas acabaram sendo corrigidas. Descobrimos e descartamos de nossas rela\u00e7\u00f5es aqueles que n\u00e3o tem compaix\u00e3o ou humanidade, a.k.a., eleitores da besta-fera; revimos os nossos h\u00e1bitos, ou, pelo menos, pudemos encarar com mais clareza aqueles que nos prejudicam e tentar recuperar os que nos fazem bem; e nos permitimos viver um processo de recolhimento e autorreflex\u00e3o com aqueles que nos s\u00e3o mais caros.<\/p>\n<p>Para n\u00f3s, os antissociais, foi, sim, uma oportunidade \u00fanica: diminuir nosso c\u00edrculo social, nos aprofundar em nossas obsess\u00f5es solit\u00e1rias, e conviver com as pessoas com quem realmente nos sentimos \u00e0 vontade, n\u00f3s mesmos. Quando em condi\u00e7\u00f5es normais isso seria poss\u00edvel sem sermos v\u00edtimas da censura dessa sociedade excessivamente greg\u00e1ria?<\/p>\n<p>Por\u00e9m, agora que a vacina vai, gra\u00e7as a Deus, diminuindo o risco de cont\u00e1gio e de morte, os instintos primais de aglomera\u00e7\u00e3o do ser humano come\u00e7am(?) a renascer ou, pior, se intensificar nos colocando no imenso risco de, n\u00e3o s\u00f3 voltarmos \u00e0 normalidade do conv\u00edvio social, mas de sermos obrigados a experienciar uma vers\u00e3o exacerbada desse h\u00e1bito deplor\u00e1vel.<\/p>\n<p>Ent\u00e3o, a pergunta \u00e9: depois de nos livrarmos da pandemia, como podemos manter o lado bom do isolamento social?<\/p>\n<p>Seguem cinco dicas que poder\u00e3o nos auxiliar nessa transi\u00e7\u00e3o.<\/p>\n<p><strong>1. N\u00e3o aceite desculpas e n\u00e3o perdoe<\/strong><\/p>\n<p>Quando a poeira baixar e finalmente estivermos perto de nos livrarmos do projeto de genocida do Vivendas da Barra, aqueles que apoiam esses proto machos desde Fernando Collor voltar\u00e3o com o rabo entre as pernas pedindo perd\u00e3o pelo que fizeram. Dir\u00e3o que estavam vivendo em bolhas que distribu\u00edam informa\u00e7\u00f5es erradas ou sofrendo de stress p\u00f3s traum\u00e1tico por conta da crise sanit\u00e1ria e econ\u00f4mica. N\u00e3o acreditem, n\u00e3o \u00e9 de cora\u00e7\u00e3o.<\/p>\n<p>E mesmo se for, quem liga? Voc\u00ea n\u00e3o precisa devotar seu tempo a quem o aborrece, ou mesmo o aborreceu apenas uma vez.<\/p>\n<p><img decoding=\"async\" class=\"aligncenter size-full wp-image-3608\" src=\"https:\/\/lisandrogaertner.net\/blog\/wp-content\/uploads\/2021\/01\/tumblr_kzp8f9fOw11qzqfi5o1_540.png\" alt=\"\" width=\"512\" height=\"384\" srcset=\"https:\/\/lisandrogaertner.net\/blog\/wp-content\/uploads\/2021\/01\/tumblr_kzp8f9fOw11qzqfi5o1_540.png 512w, https:\/\/lisandrogaertner.net\/blog\/wp-content\/uploads\/2021\/01\/tumblr_kzp8f9fOw11qzqfi5o1_540-300x225.png 300w\" sizes=\"(max-width: 512px) 100vw, 512px\" \/><\/p>\n<p>Como proceder? Ignore seus contatos ou, ao menos, seja lac\u00f4nico em suas respostas, contando os emojis e caracteres de suas mensagens.<\/p>\n<p>Importante: evite os contatos presenciais a todo custo, mas, se eles forem inevit\u00e1veis, finja ouvi-los falar, responda \u00e0s suas perguntas com outras perguntas, e corte o papo no meio alegando um compromisso qualquer com pessoas que eles n\u00e3o conhecem para fazer algo que eles n\u00e3o entendem, tipo curso de reiki online ou grupo de leitura virtual das obras de Georges Perec . Isso vai fazer cair a ficha deles.<\/p>\n<p>Se mesmo assim n\u00e3o funcionar, \u00e9 melhor ser direto. Seguem algumas <a href=\"https:\/\/news.lettersofnote.com\/p\/i-hate-everybody-including-you\">sugest\u00f5es de resposta<\/a>.<\/p>\n<p><strong>2. Fa\u00e7a um compromisso consigo mesmo<\/strong><\/p>\n<p>E no caso daqueles que n\u00e3o nos incomodam demais, os que chamamos de amigos? Mesmo que a sua presen\u00e7a seja desejada esporadicamente, \u00e9 sempre importante controlar essa nossa intera\u00e7\u00e3o.<\/p>\n<p>Para eles, mantenha sua agenda sempre cheia. Cheia de tempo pra voc\u00ea. S\u00e1bado de manh\u00e3 sua agenda est\u00e1 bloqueada para reorganizar a cole\u00e7\u00e3o de VHS que achou no arm\u00e1rio da despensa. Domingo de tarde? Nem pensar! Voc\u00ea se comprometeu a reler as edi\u00e7\u00f5es do Novo Universo da Marvel. E nas noites durante a semana, me perdoe, voc\u00ea precisa descansar. A vida n\u00e3o \u00e9 s\u00f3 divers\u00e3o.<\/p>\n<p>Lembre-se: se voc\u00ea n\u00e3o controla o seu tempo, algu\u00e9m vai control\u00e1-lo para voc\u00ea.<\/p>\n<p><strong>3. Prestigie as suas atividades solit\u00e1rias<\/strong><\/p>\n<p>Na pandemia voc\u00ea deve ter sentido o gosto de fazer aquelas coisas que ningu\u00e9m te permitia pois diziam ser chato ou exclusivas demais, tipo pintura em aquarela sobre fotos de jornal ou compilar regras opcionais de livros de RPG dos anos 80. Quando as coisas estiverem normalizando, tenha certeza, esses seus prazeres ser\u00e3o novamente questionados.<\/p>\n<p>Para evitar essa press\u00e3o social, transforme as suas atividades em algo maior. Esse povo com depend\u00eancia social morre de medo de status e trabalho. Ent\u00e3o, n\u00e3o diga que vai ficar pintando aquarelas sobre a cara da Anitta na revista Ela de O Globo, diga que est\u00e1 produzindo uma obra de arte utilizando t\u00e9cnicas mistas. E se te questionarem sobre o caderno cheio de pequenas regras malucas de jogos de rpg obscuros, retruque: \u00e9 pesquisa para um livro sobre game design com foco na experi\u00eancia dos jogadores.<\/p>\n<p>Seus hobbies s\u00e3o importantes, d\u00ea a eles o devido respeito. Afinal, quem esse povo que vai a Micareta e assiste jogo de futebol na TV acha que \u00e9 pra julgar os seus divertimentos?<\/p>\n<p><strong>4. Aumente a sua presen\u00e7a virtual (nos lugares certos)<\/strong><\/p>\n<p>Se voc\u00ea caiu nessa fal\u00e1cia de redes sociais, sim, todos ca\u00edmos em algum momento, e ainda n\u00e3o conseguiu se livrar, n\u00e3o se desespere. Sim, voc\u00ea, no momento, est\u00e1 desprotegido e \u00e9 um alvo f\u00e1cil para investida de qualquer um que tenha o seu n\u00famero de celular ou saiba seu nome completo, mas d\u00e1 pra resolver.<\/p>\n<p>A primeira provid\u00eancia \u00e9 mudar a sua \u201copera\u00e7\u00e3o\u201d para ferramentas de comunica\u00e7\u00e3o menos conhecidas. Porqu\u00ea? Explique: privacidade, venda de dados, explora\u00e7\u00e3o de sua for\u00e7a de trabalho volunt\u00e1ria para venda de propaganda. T\u00e1 bom pra voc\u00ea? Assim, voc\u00ea pode alegar que s\u00f3 usa Whatsapp pro trabalho e que as pessoas v\u00e3o poder encontrar voc\u00ea com facilidade no Signal, Skype ou Google Hangouts.<\/p>\n<p>Para as redes sociais, o ideal seria abandonar tudo, mas isso provoca uma aporrinha\u00e7\u00e3o cont\u00ednua. Por que voc\u00ea n\u00e3o est\u00e1 no instagram? J\u00e1 leu isso no twitter? Por que voc\u00ea n\u00e3o entra n@ [insira o nome da rede social]? El@ \u00e9 t\u00e3o legal.<\/p>\n<p>Minha recomenda\u00e7\u00e3o \u00e9 fazer como eu: criar sua plataforma pessoal onde n\u00e3o vai interagir com ningu\u00e9m, mas dar\u00e1 a impress\u00e3o de abertura que acalmar\u00e1 essa gente arroz de festa. Afinal, a melhor maneira de n\u00e3o saberem de voc\u00ea \u00e9 escrever <a href=\"https:\/\/lisandrogaertner.net\/blog\/blog\/\">artigos num site<\/a>, disponibilizar <a href=\"https:\/\/lisandrogaertner.net\/blog\/notas\/\">anota\u00e7\u00f5es num microblog exclusivo<\/a> ou povoar uma <a href=\"https:\/\/lisandrogaertner.net\/blog\/imagens\/\">vers\u00e3o particular do instagram<\/a>. Se n\u00e3o vier na colher, o povo n\u00e3o consome.<\/p>\n<p><strong>5. Alegue estar sofrendo de s\u00edndrome da caverna<\/strong><\/p>\n<p>Tem vezes que n\u00e3o d\u00e1. Voc\u00ea tentou de tudo e eles continuam pressionando. A\u00ed voc\u00ea tem que apelar pra uma s\u00edndrome. E n\u00e3o d\u00e1 pra ser as de verdade que voc\u00ea tem e ningu\u00e9m respeita. \u00c9 preciso usar alguma coisa que esteja na moda, tipo a <a href=\"https:\/\/www.scientificamerican.com\/article\/cave-syndrome-keeps-the-vaccinated-in-social-isolation1\/\">s\u00edndrome da caverna<\/a>. Sim, depois de tanto tempo isolado, claro que voc\u00ea precisa se reacostumar ao conv\u00edvio social. Ent\u00e3o, se eles puderem respeitar o seu tempo e esperar s\u00f3 um pouquinho, j\u00e1, j\u00e1 voc\u00ea volta\u2026 ou n\u00e3o.<\/p>\n<hr \/>\n<p>Espero que essas dicas venham a ajud\u00e1-los a manter o isolamento social, sem press\u00f5es ou questionamentos, ap\u00f3s a pandemia. Enquanto isso, e at\u00e9 depois, fiquem em casa, sozinhos, seguros, saud\u00e1veis e felizes. E n\u00e3o precisam me mandar mensagens de agradecimento. A sua dist\u00e2ncia e sil\u00eancio j\u00e1 s\u00e3o suficientes. Obrigado.<\/p>\n","protected":false},"excerpt":{"rendered":"<p>Eu sei que ainda falta um pouco(?) mas \u00e9 importante estar preparado. A pandemia, especialmente no Brasil, foi algo terr\u00edvel, mas, dentro de toda essa trag\u00e9dia, algumas coisas acabaram sendo corrigidas. Descobrimos e descartamos de nossas rela\u00e7\u00f5es aqueles que n\u00e3o tem compaix\u00e3o ou humanidade, a.k.a., eleitores da besta-fera; revimos os nossos h\u00e1bitos, ou, pelo menos, [&hellip;]<\/p>\n","protected":false},"author":1,"featured_media":0,"comment_status":"open","ping_status":"open","sticky":false,"template":"","format":"standard","meta":{"footnotes":""},"categories":[1],"tags":[],"class_list":["post-4327","post","type-post","status-publish","format-standard","hentry","category-escritos"],"_links":{"self":[{"href":"https:\/\/lisandrogaertner.net\/blog\/wp-json\/wp\/v2\/posts\/4327","targetHints":{"allow":["GET"]}}],"collection":[{"href":"https:\/\/lisandrogaertner.net\/blog\/wp-json\/wp\/v2\/posts"}],"about":[{"href":"https:\/\/lisandrogaertner.net\/blog\/wp-json\/wp\/v2\/types\/post"}],"author":[{"embeddable":true,"href":"https:\/\/lisandrogaertner.net\/blog\/wp-json\/wp\/v2\/users\/1"}],"replies":[{"embeddable":true,"href":"https:\/\/lisandrogaertner.net\/blog\/wp-json\/wp\/v2\/comments?post=4327"}],"version-history":[{"count":2,"href":"https:\/\/lisandrogaertner.net\/blog\/wp-json\/wp\/v2\/posts\/4327\/revisions"}],"predecessor-version":[{"id":4329,"href":"https:\/\/lisandrogaertner.net\/blog\/wp-json\/wp\/v2\/posts\/4327\/revisions\/4329"}],"wp:attachment":[{"href":"https:\/\/lisandrogaertner.net\/blog\/wp-json\/wp\/v2\/media?parent=4327"}],"wp:term":[{"taxonomy":"category","embeddable":true,"href":"https:\/\/lisandrogaertner.net\/blog\/wp-json\/wp\/v2\/categories?post=4327"},{"taxonomy":"post_tag","embeddable":true,"href":"https:\/\/lisandrogaertner.net\/blog\/wp-json\/wp\/v2\/tags?post=4327"}],"curies":[{"name":"wp","href":"https:\/\/api.w.org\/{rel}","templated":true}]}}