{"id":4389,"date":"2021-05-23T12:46:13","date_gmt":"2021-05-23T15:46:13","guid":{"rendered":"https:\/\/lisandrogaertner.net\/blog\/?p=4389"},"modified":"2021-05-23T12:46:13","modified_gmt":"2021-05-23T15:46:13","slug":"eu-empatei-com-a-covid","status":"publish","type":"post","link":"https:\/\/lisandrogaertner.net\/blog\/eu-empatei-com-a-covid\/","title":{"rendered":"Eu empatei com a CoVid"},"content":{"rendered":"<p>6 dias atr\u00e1s, ap\u00f3s ter tr\u00eas dias de sintomas muito leves, cansa\u00e7o e dor no corpo, testei positivo para CoVid. Desde os primeiros sintomas, e com a esposa tendo testado positivo, fiquei esperando que as coisas fossem piorar. N\u00e3o pioraram. Nem febre tive, mas tenho comorbidades e, na mesma \u00e9poca, um casal de amigos estava, ou, pior ainda est\u00e1, enfrentando uma batalha bem dura com a doen\u00e7a. Imposs\u00edvel n\u00e3o ficar tenso. Por eles, e por mim. Mas, gra\u00e7as a Deus, n\u00e3o rolou nada comigo e tenho certeza que eles v\u00e3o dar a volta por cima.<\/p>\n<p>Em casa, esse excesso de preocupa\u00e7\u00e3o gerou cr\u00edticas. Muitas:<\/p>\n<p>&#8211; Voc\u00ea \u00e9 muito negativo! N\u00e3o consegue ser mais pra cima? Tenha f\u00e9. Voc\u00ea est\u00e1 bem. N\u00e3o consegue ver isso?<\/p>\n<p>Sim, conseguia ver, mas n\u00e3o conseguia sentir. J\u00e1 tem uns seis meses que n\u00e3o sei exatamente o que \u00e9 me sentir bem. O cansa\u00e7o constante de trabalhar das 7 da manh\u00e3 \u00e0s 7 da noite, o isolamento que estou cumprindo xiitamente, e a falta de perspectiva de viver num pa\u00eds governado por um louco eleito por pessoas sem cora\u00e7\u00e3o cobraram o pre\u00e7o na minha sanidade e no meu corpo. Sinto dores nas costas e nas pernas que acho normais, mas sei virem de um sedentarismo ostensivo; durmo cedo demais, acordo ainda na madrugada, e, pra n\u00e3o me desesperar, transformei isso em uma rotina; e sinto-me permanentemente cansado, confiando que conseguirei relaxar depois do fim dessa pandemia que n\u00e3o tem um fim no horizonte.<\/p>\n<p>Por isso, por mais que n\u00e3o me sentisse mal, al\u00e9m do usual, n\u00e3o tinha certeza se estava bem. Por isso precisava confiar em ox\u00edmetros e term\u00f4metros para me dar uma segunda opini\u00e3o. Por isso fiquei tenso por todo esse tempo. Por isso continuo tenso.<\/p>\n<p>Falta apenas um dia pra ficar liberado, segundo os m\u00e9dicos, mas para qu\u00ea? Depois desse esbarr\u00e3o de leve com a CoVid, n\u00e3o ganhei mais brio. Pelo contr\u00e1rio, estou mais cauteloso. Sinto-me mais pronto a me manter protegido, at\u00e9 tomar a vacina, e, mesmo depois, at\u00e9 esperar as coisas minimamente melhorarem.<\/p>\n<p>Ao contr\u00e1rio de tantos que se acham livres dessa doen\u00e7a, pois a tiveram e n\u00e3o sofreram, n\u00e3o me acho um vencedor. Consegui, no m\u00e1ximo, empatar, por sorte. E, sei que, num segundo encontro, essa sorte pode n\u00e3o me ajudar novamente.<\/p>\n<p>Assim, livre da hubris dos orgulhosos e ignorantes, vou me manter ainda mais seguro. Em nome da minha fam\u00edlia, dos amigos, e de todos os seres humanos que merecem meu respeito e meu cuidado.<\/p>\n<p>CoVid n\u00e3o \u00e9 um jogo de final, mas um campeonato de jogos eliminat\u00f3rios, em que o Corona, um cruel dono do campo, vai te fazer jogar at\u00e9 n\u00e3o poder mais. Por isso, nesse jogo, s\u00f3 h\u00e1 uma estrat\u00e9gia vitoriosa: evitar jogar. Ent\u00e3o, fique em casa. Na sua. Eu estarei na minha. E espero te ver bem e com sa\u00fade quando esse m\u00f3rbido campeonato acabar.<\/p>\n","protected":false},"excerpt":{"rendered":"<p>6 dias atr\u00e1s, ap\u00f3s ter tr\u00eas dias de sintomas muito leves, cansa\u00e7o e dor no corpo, testei positivo para CoVid. Desde os primeiros sintomas, e com a esposa tendo testado positivo, fiquei esperando que as coisas fossem piorar. N\u00e3o pioraram. Nem febre tive, mas tenho comorbidades e, na mesma \u00e9poca, um casal de amigos estava, [&hellip;]<\/p>\n","protected":false},"author":1,"featured_media":0,"comment_status":"open","ping_status":"open","sticky":false,"template":"","format":"standard","meta":{"footnotes":""},"categories":[204],"tags":[],"class_list":["post-4389","post","type-post","status-publish","format-standard","hentry","category-blog"],"_links":{"self":[{"href":"https:\/\/lisandrogaertner.net\/blog\/wp-json\/wp\/v2\/posts\/4389","targetHints":{"allow":["GET"]}}],"collection":[{"href":"https:\/\/lisandrogaertner.net\/blog\/wp-json\/wp\/v2\/posts"}],"about":[{"href":"https:\/\/lisandrogaertner.net\/blog\/wp-json\/wp\/v2\/types\/post"}],"author":[{"embeddable":true,"href":"https:\/\/lisandrogaertner.net\/blog\/wp-json\/wp\/v2\/users\/1"}],"replies":[{"embeddable":true,"href":"https:\/\/lisandrogaertner.net\/blog\/wp-json\/wp\/v2\/comments?post=4389"}],"version-history":[{"count":1,"href":"https:\/\/lisandrogaertner.net\/blog\/wp-json\/wp\/v2\/posts\/4389\/revisions"}],"predecessor-version":[{"id":4390,"href":"https:\/\/lisandrogaertner.net\/blog\/wp-json\/wp\/v2\/posts\/4389\/revisions\/4390"}],"wp:attachment":[{"href":"https:\/\/lisandrogaertner.net\/blog\/wp-json\/wp\/v2\/media?parent=4389"}],"wp:term":[{"taxonomy":"category","embeddable":true,"href":"https:\/\/lisandrogaertner.net\/blog\/wp-json\/wp\/v2\/categories?post=4389"},{"taxonomy":"post_tag","embeddable":true,"href":"https:\/\/lisandrogaertner.net\/blog\/wp-json\/wp\/v2\/tags?post=4389"}],"curies":[{"name":"wp","href":"https:\/\/api.w.org\/{rel}","templated":true}]}}