{"id":4456,"date":"2021-05-31T11:15:49","date_gmt":"2021-05-31T14:15:49","guid":{"rendered":"https:\/\/lisandrogaertner.net\/blog\/?p=4456"},"modified":"2021-05-31T16:17:01","modified_gmt":"2021-05-31T19:17:01","slug":"prezada-cerveja","status":"publish","type":"post","link":"https:\/\/lisandrogaertner.net\/blog\/prezada-cerveja\/","title":{"rendered":"Prezada Cerveja"},"content":{"rendered":"<p>Fala, querida, quanto tempo. Sei que s\u00f3 estamos afastados h\u00e1 3 semanas, mas, confesso, parece bem mais. N\u00e3o tinha como ser diferente, nesses \u00faltimos tempos, desde que a pandemia come\u00e7ou, nosso relacionamento realmente se estreitou.<\/p>\n<p>Sem o ritual do transporte p\u00fablico, do sair e chegar em casa, calhou que o nosso encontro virou a maneira de eu avisar ao meu corpo e \u00e0 minha mente que o trabalho tinha acabado. Assim, quando eu terminava minhas tarefas di\u00e1rias, l\u00e1 ia eu te rever na geladeira, gelada e convidativa. Come\u00e7amos com encontros breves e curtos. Aos poucos eles foram ficando mais longos e se tornaram tamb\u00e9m uma forma de eu ficar sozinho comigo mesmo. E com voc\u00ea, claro.<\/p>\n<p>Com o passar dos meses, nosso contato foi se tornando mais constante e tinha repercuss\u00f5es no dia seguinte em pequenas, ou grandes, ressacas que me permitiam ficar na cama um pouco mais e botar a culpa de um mal estar generalizado nas nossas farras. Por\u00e9m, c\u00e1 entre n\u00f3s, eu estava me enganando. Te procurar pra me fazer mal era s\u00f3 uma maneira de n\u00e3o entrar em contato com os meus sentimentos e tamb\u00e9m aguentar as 12 ou 13 horas di\u00e1rias de reuni\u00f5es na antecipa\u00e7\u00e3o dos goles que \u00edamos dividir.<\/p>\n<p>OK, a culpa n\u00e3o \u00e9 sua. Se o nosso relacionamento quase come\u00e7ou a se tornar t\u00f3xico, s\u00f3 tenho uma pessoa a culpar: eu mesmo. Mas tamb\u00e9m como passar por tudo isso de cara limpa? N\u00e3o h\u00e1 medita\u00e7\u00e3o zen budista que alivie esse fardo para um crist\u00e3o, ou, at\u00e9 mesmo, um ateu. Mesmo assim, c\u00e1 estamos n\u00f3s, separados.<\/p>\n<p>Claro que teve um motivo. Quando senti os primeiros sintomas da CoVid, resolvi fazer a promessa que ficar\u00edamos sem nos ver, ou tocar, pelos pr\u00f3ximos 6 meses se n\u00e3o eu n\u00e3o tivesse maiores complica\u00e7\u00f5es. E, gra\u00e7as a Deus, deu certo. Como promessa \u00e9 d\u00edvida, melhor darmos esse tempo.<\/p>\n<p>Pra voc\u00ea tenho certeza que n\u00e3o \u00e9 problema. Na TV vejo um bando de gente que est\u00e1 arriscando a vida pra aproveitar a sua companhia nos bares com outros inconsequentes. Melhor seria que todos a encontrassem em casa, sem aglomera\u00e7\u00f5es, como eu fazia. Novamente, eu sei, a culpa n\u00e3o \u00e9 sua.<\/p>\n<p>Seja como for, vou te dizer, apesar de tudo ter come\u00e7ado com uma promessa, acho que esse tempo que estamos dando vai ser positivo. Desde que nos afastamos, comecei a dormir melhor, perdi alguns dos quilos e cent\u00edmetros de barriga gerados pela nossa rela\u00e7\u00e3o, e entrei em contato com o tal mal estar que eu atribu\u00eda a voc\u00ea.<\/p>\n<p>Agora, mais consciente de que o cansa\u00e7o com o qual desperto tem outros motivos, comecei a tomar outras provid\u00eancias. Medito duas vezes por semana, voltei a ler e a escrever pela manh\u00e3, entrei num curso de roteiro de document\u00e1rio, e estou passando um tempo mais produtivo com a minha fam\u00edlia. O que tem sido muito bom.<\/p>\n<p>Estaria mentindo se dissesse que n\u00e3o sinto saudades de te encontrar ao fim dos dias longos e quentes de trabalho, mas sinto que estou lidando bem com isso; tanto que n\u00e3o tenho mais certeza que em 12 de novembro a gente v\u00e1 reatar. \u00c9 chato dizer isso por carta, mas \u00e9 melhor te deixar preparada. Talvez esse tempo seja o ind\u00edcio de um rompimento final.<\/p>\n<p>Nessas \u00faltimas semanas, percebi o quanto deixei nas suas costas a responsabilidade de n\u00e3o resolver uma s\u00e9rie de coisas que me incomodavam. N\u00e3o \u00e9 justo que a gente mantenha um relacionamento de co-depend\u00eancia onde voc\u00ea seja a fonte de alegrias e tristezas que n\u00e3o lhe concernem, nem uma maneira pra lidar com gente com quem eu n\u00e3o quero estar junto ou situa\u00e7\u00f5es onde n\u00e3o quero estar. Como dizem nos filmes, \u201cit\u2019s not you, it\u2019s me\u201d.<\/p>\n<p>Ent\u00e3o, no dia 12 de novembro, mesmo que n\u00e3o fiquemos juntos, vamos nos falar. Pode ser que eu tenha mudado e perceba que \u00e9 poss\u00edvel termos uma rela\u00e7\u00e3o novamente. Se isso acontecer, ela precisa ser diferente, saud\u00e1vel, pois eu preciso ser diferente e saud\u00e1vel. E se n\u00e3o voltarmos, n\u00e3o vamos nos tornar inimigos. Guardemos as mem\u00f3rias dos muitos tempos felizes que passamos em festas com amigos, sozinhos em medita\u00e7\u00f5es pessoais ou em mesas de bar sob o sol inclemente do Rio de Janeiro.<\/p>\n<p>Eu sei que voc\u00ea me entende. Abra\u00e7os, obrigado e desculpe por tudo que precisamos passar.<\/p>\n<p>Int\u00e9!<\/p>\n<p><a href=\"https:\/\/mundialdeescritura.com\/\"><img decoding=\"async\" class=\"aligncenter size-full wp-image-4458\" src=\"https:\/\/lisandrogaertner.net\/blog\/wp-content\/uploads\/2021\/05\/mundial_escritura.jpg\" alt=\"\" width=\"984\" height=\"213\" srcset=\"https:\/\/lisandrogaertner.net\/blog\/wp-content\/uploads\/2021\/05\/mundial_escritura.jpg 984w, https:\/\/lisandrogaertner.net\/blog\/wp-content\/uploads\/2021\/05\/mundial_escritura-300x65.jpg 300w, https:\/\/lisandrogaertner.net\/blog\/wp-content\/uploads\/2021\/05\/mundial_escritura-768x166.jpg 768w, https:\/\/lisandrogaertner.net\/blog\/wp-content\/uploads\/2021\/05\/mundial_escritura-720x156.jpg 720w\" sizes=\"(max-width: 984px) 100vw, 984px\" \/><\/a><\/p>\n","protected":false},"excerpt":{"rendered":"<p>Fala, querida, quanto tempo. Sei que s\u00f3 estamos afastados h\u00e1 3 semanas, mas, confesso, parece bem mais. N\u00e3o tinha como ser diferente, nesses \u00faltimos tempos, desde que a pandemia come\u00e7ou, nosso relacionamento realmente se estreitou. Sem o ritual do transporte p\u00fablico, do sair e chegar em casa, calhou que o nosso encontro virou a maneira [&hellip;]<\/p>\n","protected":false},"author":1,"featured_media":0,"comment_status":"open","ping_status":"open","sticky":false,"template":"","format":"standard","meta":{"footnotes":""},"categories":[204],"tags":[],"class_list":["post-4456","post","type-post","status-publish","format-standard","hentry","category-blog"],"_links":{"self":[{"href":"https:\/\/lisandrogaertner.net\/blog\/wp-json\/wp\/v2\/posts\/4456","targetHints":{"allow":["GET"]}}],"collection":[{"href":"https:\/\/lisandrogaertner.net\/blog\/wp-json\/wp\/v2\/posts"}],"about":[{"href":"https:\/\/lisandrogaertner.net\/blog\/wp-json\/wp\/v2\/types\/post"}],"author":[{"embeddable":true,"href":"https:\/\/lisandrogaertner.net\/blog\/wp-json\/wp\/v2\/users\/1"}],"replies":[{"embeddable":true,"href":"https:\/\/lisandrogaertner.net\/blog\/wp-json\/wp\/v2\/comments?post=4456"}],"version-history":[{"count":5,"href":"https:\/\/lisandrogaertner.net\/blog\/wp-json\/wp\/v2\/posts\/4456\/revisions"}],"predecessor-version":[{"id":4463,"href":"https:\/\/lisandrogaertner.net\/blog\/wp-json\/wp\/v2\/posts\/4456\/revisions\/4463"}],"wp:attachment":[{"href":"https:\/\/lisandrogaertner.net\/blog\/wp-json\/wp\/v2\/media?parent=4456"}],"wp:term":[{"taxonomy":"category","embeddable":true,"href":"https:\/\/lisandrogaertner.net\/blog\/wp-json\/wp\/v2\/categories?post=4456"},{"taxonomy":"post_tag","embeddable":true,"href":"https:\/\/lisandrogaertner.net\/blog\/wp-json\/wp\/v2\/tags?post=4456"}],"curies":[{"name":"wp","href":"https:\/\/api.w.org\/{rel}","templated":true}]}}