{"id":5130,"date":"2021-08-26T05:19:16","date_gmt":"2021-08-26T08:19:16","guid":{"rendered":"https:\/\/lisandrogaertner.net\/blog\/?p=5130"},"modified":"2021-08-26T05:23:53","modified_gmt":"2021-08-26T08:23:53","slug":"fofoca-das-famosas","status":"publish","type":"post","link":"https:\/\/lisandrogaertner.net\/blog\/fofoca-das-famosas\/","title":{"rendered":"Fofoca das Famosas"},"content":{"rendered":"<p>&#8211; Querida, parab\u00e9ns!<br \/>\n&#8211; Pelo qu\u00ea?<br \/>\n&#8211; N\u00e3o ficou sabendo? Agora voc\u00ea \u00e9 oficialmente famosa.<br \/>\n&#8211; U\u00e9, achei que eu j\u00e1 era famosa.<br \/>\n&#8211; Era, mas agora voc\u00ea chegou em outro patamar. Uma estrela! Voc\u00ea virou uma famosa entre os famosos.<br \/>\n&#8211; N\u00e3o entendi, explica.<br \/>\n&#8211; Ai, ai. Intelig\u00eancia nunca foi seu forte mesmo\u2026<br \/>\n&#8211; O que \u00e9 que voc\u00ea disse?<br \/>\n&#8211; Nada, amor. Deixa eu te explicar. Depois de amargar 2 anos como youtuber, 1 ano como sub celebridade aparecendo diariamente na Rede TV, e, depois de, enfim, dar a pinta por 5 minutos num programa da Globo, agora voc\u00ea foi aceita no pante\u00e3o dos famosos.<br \/>\n&#8211; Continuo sem entender. Eu tenho mais de 2 milh\u00f5es de seguidores, quase um bilh\u00e3o de views e s\u00f3 agora eu sou famosa?<br \/>\n&#8211; Claro. Antes voc\u00ea era po-pu-lar. Fazia sucesso, tava na boca do povo e tal. Mas a fama, a fama de verdade depende de outros quesitos.<br \/>\n&#8211; Tipo?<br \/>\n&#8211; Ser bem quista pelos deuses, amor! De que adianta ser a Anitta se a Paola Oliveira vira a cara pra voc\u00ea? Pra ser realmente abra\u00e7ada pela deusa da Fama, tem que estar no Olimpo!<br \/>\n&#8211; T\u00e1, e voc\u00ea t\u00e1 dizendo que eu cheguei nesse tal de Ol\u00edmpio agora?<br \/>\n&#8211; Olimpo, querida, Olimpo. Chegou, sim. Chegou bem e chegou chegando. J\u00e1 viu o teu whats hoje?<br \/>\n&#8211; Ainda n\u00e3o. Eu n\u00e3o pago algu\u00e9m pra cuidar disso pra mim?<br \/>\n&#8211; Pa-ga-va! Agora voc\u00ea vai ter que cuidar dele com muito carinho.<br \/>\n&#8211; Porqu\u00ea?<br \/>\n&#8211; Por causa disso!<br \/>\n&#8211; Grupo da Fofoca? Que convite \u00e9 esse?<br \/>\n&#8211; \u00c9 um grupo s\u00f3 com as mega super hiper uber famosas, onde elas trocam figurinhas umas com as outras e falam mal das que n\u00e3o est\u00e3o no grupo.<br \/>\n&#8211; Quer dizer que antes de eu entrar, elas podiam estar falando mal de mim?<br \/>\n&#8211; Isso n\u00e3o interessa, meu amor. Agora voc\u00ea est\u00e1 no grupo e s\u00f3 vai ser bem falada. Aceite o convite logo, boba.<br \/>\n&#8211; T\u00e1, aceitei. Agora fa\u00e7o o qu\u00ea? Mando uma mensagem?<br \/>\n&#8211; Muita calma nessa hora! Manda, sim, mas vamos pensar direitinho no que mandar.<br \/>\n&#8211; \u201cOi? Valeu por me colocarem no grupo?\u201d<br \/>\n&#8211; Deixa de ser simplinha. Onde j\u00e1 se viu? A pessoa sai do sub\u00farbio, mas o sub\u00farbio n\u00e3o sai da pessoa. Tem que vir com for\u00e7a. Tipo o cara que chega na pris\u00e3o. Tem que chegar dando porrada pra n\u00e3o virar a noivinha de ningu\u00e9m.<br \/>\n&#8211; Ent\u00e3o, j\u00e1 coloco uma fofoca?<br \/>\n&#8211; Pode ser, pode ser. O que voc\u00ea tem de bom a\u00ed?<br \/>\n&#8211; Tem aquela da\u2026<br \/>\n&#8211; Essa n\u00e3o d\u00e1. Eu sei de quem voc\u00ea t\u00e1 falando. Ela \u00e9 administradora do grupo.<br \/>\n&#8211; E a da\u2026<br \/>\n&#8211; Nem pensar, deve ter sido ela que te convidou pro grupo. N\u00e3o se cospe no prato que comeu.<br \/>\n&#8211; T\u00e1, nem sei o que fazer. O que voc\u00ea sugere?<br \/>\n&#8211; Deixa eu ver aqui\u2026 O que? Te exclu\u00edram do grupo!<br \/>\n&#8211; Meu Deus, n\u00e3o durei nem 3 minutos no Ol\u00edmpio.<br \/>\n&#8211; NO OL\u00cdMPO! NO OL\u00cdMPO! Que terror! Do lixo ao luxo e do luxo ao lixo em segundos! Haja cora\u00e7\u00e3o.<br \/>\n&#8211; Mas por que ser\u00e1 que me tiraram do grupo?<br \/>\n&#8211; Deixa eu ver\u2026 achei. Olha s\u00f3.<br \/>\n&#8211; O qu\u00ea?<br \/>\n&#8211; Voc\u00ea acabou de receber um convite pra participar de um grupo totalmente antag\u00f4nico \u00e0 Fofoca das Famosas.<br \/>\n&#8211; Que grupo \u00e9 esse?<br \/>\n&#8211; \u00c9 o grupo do Elenco da Record, amor. Acabou pra ti, querida. A-ca-bou!<br \/>\n&#8211; E n\u00e3o tem salva\u00e7\u00e3o?<br \/>\n&#8211; Bom, eu fiquei sabendo de uns L\u00e1zaros que foram trazidos de volta do mundo da Record.<br \/>\n&#8211; E o que eles fizeram?<br \/>\n&#8211; Um se regenerou, se afastou do dinheiro f\u00e1cil e se tornou um ativista social. Coisa dif\u00edcil pra voc\u00ea. O outro, quase morreu de Covid. O povo costuma ficar com pena\u2026<br \/>\n&#8211; Babou. Finjo ser feminista, mas sou de extrema direita, e j\u00e1 vacinei as duas doses. Escondida, claro. E agora?<br \/>\n&#8211; Amor, lamento. Pra voc\u00ea s\u00f3 restou a Fazenda.<\/p>\n","protected":false},"excerpt":{"rendered":"<p>&#8211; Querida, parab\u00e9ns! &#8211; Pelo qu\u00ea? &#8211; N\u00e3o ficou sabendo? Agora voc\u00ea \u00e9 oficialmente famosa. &#8211; U\u00e9, achei que eu j\u00e1 era famosa. &#8211; Era, mas agora voc\u00ea chegou em outro patamar. Uma estrela! Voc\u00ea virou uma famosa entre os famosos. &#8211; N\u00e3o entendi, explica. &#8211; Ai, ai. Intelig\u00eancia nunca foi seu forte mesmo\u2026 &#8211; [&hellip;]<\/p>\n","protected":false},"author":1,"featured_media":0,"comment_status":"open","ping_status":"open","sticky":false,"template":"","format":"standard","meta":{"footnotes":""},"categories":[204],"tags":[],"class_list":["post-5130","post","type-post","status-publish","format-standard","hentry","category-blog"],"_links":{"self":[{"href":"https:\/\/lisandrogaertner.net\/blog\/wp-json\/wp\/v2\/posts\/5130","targetHints":{"allow":["GET"]}}],"collection":[{"href":"https:\/\/lisandrogaertner.net\/blog\/wp-json\/wp\/v2\/posts"}],"about":[{"href":"https:\/\/lisandrogaertner.net\/blog\/wp-json\/wp\/v2\/types\/post"}],"author":[{"embeddable":true,"href":"https:\/\/lisandrogaertner.net\/blog\/wp-json\/wp\/v2\/users\/1"}],"replies":[{"embeddable":true,"href":"https:\/\/lisandrogaertner.net\/blog\/wp-json\/wp\/v2\/comments?post=5130"}],"version-history":[{"count":3,"href":"https:\/\/lisandrogaertner.net\/blog\/wp-json\/wp\/v2\/posts\/5130\/revisions"}],"predecessor-version":[{"id":5133,"href":"https:\/\/lisandrogaertner.net\/blog\/wp-json\/wp\/v2\/posts\/5130\/revisions\/5133"}],"wp:attachment":[{"href":"https:\/\/lisandrogaertner.net\/blog\/wp-json\/wp\/v2\/media?parent=5130"}],"wp:term":[{"taxonomy":"category","embeddable":true,"href":"https:\/\/lisandrogaertner.net\/blog\/wp-json\/wp\/v2\/categories?post=5130"},{"taxonomy":"post_tag","embeddable":true,"href":"https:\/\/lisandrogaertner.net\/blog\/wp-json\/wp\/v2\/tags?post=5130"}],"curies":[{"name":"wp","href":"https:\/\/api.w.org\/{rel}","templated":true}]}}