{"id":5213,"date":"2021-09-07T07:56:01","date_gmt":"2021-09-07T10:56:01","guid":{"rendered":"https:\/\/lisandrogaertner.net\/blog\/?p=5213"},"modified":"2021-09-07T08:08:04","modified_gmt":"2021-09-07T11:08:04","slug":"patriotite","status":"publish","type":"post","link":"https:\/\/lisandrogaertner.net\/blog\/patriotite\/","title":{"rendered":"Patriotite"},"content":{"rendered":"<p>Imagino que o patriotismo, como o ap\u00eandice, j\u00e1 pode ter tido uma fun\u00e7\u00e3o. Numa \u00e9poca mais primitiva, quando os recursos eram escassos, e as pessoas viviam com medo constante, prontas a matar seus vizinhos por qualquer coisa, o patriotismo devia funcionar como uma ferramenta de coes\u00e3o grupal.<\/p>\n<p>&#8211; Por que eu n\u00e3o posso matar o meu vizinho, mesmo?<br \/>\n&#8211; U\u00e9, ele \u00e9 seu compatriota. Voc\u00eas s\u00e3o da mesma p\u00e1tria.<br \/>\n&#8211; T\u00e1 bom. E por que eu devo ajudar ele a construir aquele po\u00e7o, mesmo?<br \/>\n&#8211; Pela mesma raz\u00e3o, pois isso vai engrandecer a nossa p\u00e1tria.<br \/>\n&#8211; OK. Entendi. Mas o que \u00e9 p\u00e1tria, mesmo?<br \/>\n&#8211; Como assim? Voc\u00ea n\u00e3o sabe o que \u00e9 p\u00e1tria? Voc\u00ea n\u00e3o \u00e9 um patriota?<br \/>\n&#8211; Sou, sim. Sou, sim. Desculpe perguntar.<\/p>\n<p>Assim o patriotismo foi se enraizando na nossa cultura e, como toda fantasia fabricada, necessitava de ferramentas cognitivas para perpetuar a sua ilus\u00e3o. Ele precisava de fronteiras artificiais para \u201cimpedir\u201d o uso dos recursos naturais da p\u00e1tria por &#8220;terceiros&#8221;; de um modelo de governan\u00e7a que d\u00easse vantagens aos \u201carticuladores\u201d do patriotismo; de uma moeda que s\u00f3 eles pudessem imprimir para controlar a circula\u00e7\u00e3o de valores; e de s\u00edmbolos, como uma fantasia rom\u00e2ntica de origem, uma bandeira pouca imaginativa, e uma marchinha megal\u00f4mana e autoindulgente, para incutir uma sensa\u00e7\u00e3o de orgulho artificial em pessoas que s\u00f3 compartilhavam o mesmo local de nascimento.<\/p>\n<p>O tempo passou, o mundo mudou e o patriotismo, aos poucos, foi deixando de ser \u00fatil, como rodinhas de bicicleta, ou supersti\u00e7\u00f5es alimentares. Ficamos mais inteligentes e emp\u00e1ticos, pelo menos parte de n\u00f3s, e come\u00e7amos a trocar o medo pelo amor como t\u00f4nica das nossas rela\u00e7\u00f5es. Para que, ent\u00e3o, nos aferrar a algo que n\u00e3o existe se j\u00e1 temos maturidade suficiente para tomarmos decis\u00f5es sozinhos?<\/p>\n<p>Sem respeitar esse nosso amadurecimento, o patriotismo n\u00e3o foi embora, e, como um \u00f3rg\u00e3o vestigial, um ap\u00eandice, ele permaneceu na nossa cultura, sem servir para nada a n\u00e3o ser perpetuar os modos e meios de opress\u00e3o criados em seu pr\u00f3prio nome. E, hoje, no Brasil de 2021, estamos sofrendo de patriotite.<\/p>\n<p>Invadido por m\u00e1s inten\u00e7\u00f5es metidas a valorosas e enganos propositais, este ap\u00eandice est\u00e1 sendo usado para defender os meios de opress\u00e3o de uma parte da popula\u00e7\u00e3o sobre a outra, e para perpetuar uma cultura escravocrata, mis\u00f3gina, preconceituosa e ao mesmo tempo suicida e assassina. Como numa doen\u00e7a auto-imune, a inflama\u00e7\u00e3o desse \u00f3rg\u00e3o, aparentemente sem prop\u00f3sito, criado para nos impedir de cair no barbarismo, est\u00e1 nos tornando cada vez mais primitivos, e atacando o corpo que deveria defender.<\/p>\n<p>E, hoje, no 7 de setembro, mais uma data fantasiosa, inventada para promover o mito de grandeza de um \u201cpa\u00eds\u201d que h\u00e1 200 anos passou de pai pra filho e continua funcionando aos trancos e barrancos, sofrendo sucessivos golpes de estado capitaneados por for\u00e7as armadas ociosas e com fantasias de poder, os agentes patog\u00eanicos dessa patriotite v\u00e3o sair \u00e0s ruas de camisa do brasil, fazendo arminha com a m\u00e3o, para apoiar um genocida que se autoproclama um Messias com o \u00fanico prop\u00f3sito de se apropriar do er\u00e1rio nacional e favorecer sua fam\u00edlia de incompetentes e seus amigos milicianos. O patriotismo no Brasil est\u00e1 prestes a supurar.<\/p>\n<p>Mas h\u00e1 esperan\u00e7a. Em 2007, cientistas da Universidade Duke descobriram que o ap\u00eandice, o do nosso corpo, fabrica e serve como dep\u00f3sito de bact\u00e9rias que auxiliam na digest\u00e3o, al\u00e9m de produzir anticorpos que ajudam na defesa do organismo. Talvez o ap\u00eandice do patriotismo possa tamb\u00e9m ter um uso e nos defender da pr\u00f3pria inflama\u00e7\u00e3o que ele sofre e provoca.<\/p>\n<p>Convocar o pr\u00f3prio patriotismo contra a doen\u00e7a que se apossou dele mesmo talvez seja a nossa \u00faltima sa\u00edda.<\/p>\n","protected":false},"excerpt":{"rendered":"<p>Imagino que o patriotismo, como o ap\u00eandice, j\u00e1 pode ter tido uma fun\u00e7\u00e3o. Numa \u00e9poca mais primitiva, quando os recursos eram escassos, e as pessoas viviam com medo constante, prontas a matar seus vizinhos por qualquer coisa, o patriotismo devia funcionar como uma ferramenta de coes\u00e3o grupal. &#8211; Por que eu n\u00e3o posso matar o [&hellip;]<\/p>\n","protected":false},"author":1,"featured_media":0,"comment_status":"open","ping_status":"open","sticky":false,"template":"","format":"standard","meta":{"footnotes":""},"categories":[204],"tags":[],"class_list":["post-5213","post","type-post","status-publish","format-standard","hentry","category-blog"],"_links":{"self":[{"href":"https:\/\/lisandrogaertner.net\/blog\/wp-json\/wp\/v2\/posts\/5213","targetHints":{"allow":["GET"]}}],"collection":[{"href":"https:\/\/lisandrogaertner.net\/blog\/wp-json\/wp\/v2\/posts"}],"about":[{"href":"https:\/\/lisandrogaertner.net\/blog\/wp-json\/wp\/v2\/types\/post"}],"author":[{"embeddable":true,"href":"https:\/\/lisandrogaertner.net\/blog\/wp-json\/wp\/v2\/users\/1"}],"replies":[{"embeddable":true,"href":"https:\/\/lisandrogaertner.net\/blog\/wp-json\/wp\/v2\/comments?post=5213"}],"version-history":[{"count":3,"href":"https:\/\/lisandrogaertner.net\/blog\/wp-json\/wp\/v2\/posts\/5213\/revisions"}],"predecessor-version":[{"id":5216,"href":"https:\/\/lisandrogaertner.net\/blog\/wp-json\/wp\/v2\/posts\/5213\/revisions\/5216"}],"wp:attachment":[{"href":"https:\/\/lisandrogaertner.net\/blog\/wp-json\/wp\/v2\/media?parent=5213"}],"wp:term":[{"taxonomy":"category","embeddable":true,"href":"https:\/\/lisandrogaertner.net\/blog\/wp-json\/wp\/v2\/categories?post=5213"},{"taxonomy":"post_tag","embeddable":true,"href":"https:\/\/lisandrogaertner.net\/blog\/wp-json\/wp\/v2\/tags?post=5213"}],"curies":[{"name":"wp","href":"https:\/\/api.w.org\/{rel}","templated":true}]}}