{"id":5220,"date":"2021-09-07T11:52:51","date_gmt":"2021-09-07T14:52:51","guid":{"rendered":"https:\/\/lisandrogaertner.net\/blog\/?p=5220"},"modified":"2021-09-07T12:09:13","modified_gmt":"2021-09-07T15:09:13","slug":"o-dj-fascista-versus-o-povo-brasileiro","status":"publish","type":"post","link":"https:\/\/lisandrogaertner.net\/blog\/o-dj-fascista-versus-o-povo-brasileiro\/","title":{"rendered":"O DJ Fascista versus o Povo Brasileiro"},"content":{"rendered":"<p><strong><em>7 de setembro de 2021<\/em><\/strong><\/p>\n<p>9:57 AM<\/p>\n<p>No bloco C do Edif\u00edcio JK, de um apartamento n\u00e3o identificado, come\u00e7a a tocar, num volume acima do esperado, o hino nacional. Dada a atual situa\u00e7\u00e3o pol\u00edtica, os demais cond\u00f4minos ficam incomodados. Mas n\u00e3o fazem nada.<\/p>\n<p><strong>10:08 AM<\/strong><\/p>\n<p>Depois de 2 vers\u00f5es remix do hino nacional e de uma vers\u00e3o \u00e0 capela do hino da bandeira, Matilde Rocha, professora de Yoga sexagen\u00e1ria, decide se manifestar:<\/p>\n<p>&#8211; Desliga essa porra, filho da puta.<\/p>\n<p>O DJ aumenta o volume.<\/p>\n<p><strong>10:16 AM<\/strong><\/p>\n<p>Num volume insuport\u00e1vel, o hino do ex\u00e9rcito entra no terceiro repeat e um coro se forma:<\/p>\n<p>&#8211; Fora, Bolsonaro! Fora, Bolsonaro!<\/p>\n<p>O DJ aumenta o volume novamente, mas, logo ap\u00f3s o quarto repeat do hino, entra a propaganda do plano gratuito do Deezer. O som \u00e9 desligado no meio do reclame digital, sob as risadas dos demais cond\u00f4minos.<\/p>\n<p><strong>10:33 AM<\/strong><\/p>\n<p>Depois de um breve per\u00edodo de paz, o DJ Fascista volta a atacar, agora com uma playlist tem\u00e1tica sobre o Brasil. Toca &#8220;Brasileiro com muito orgulho&#8221; do Timbalada e &#8220;Aquarela Brasileira&#8221;, na vers\u00e3o do Em\u00edlio Santiago. O restante do pr\u00e9dio faz at\u00e9 vista grossa. Quando Caetano Veloso come\u00e7a a cantar &#8220;Aquarela do Brasil&#8221;, um engra\u00e7adinho do quinto andar grita:<\/p>\n<p>&#8211; Vai pra Cuba, comunista!<\/p>\n<p><strong>10:52 AM<\/strong><\/p>\n<p>O DJ se irrita e retoma a playlist dos hinos. O povo, j\u00e1 sem paci\u00eancia, rebate com gritos e at\u00e9 com uma Vuvuzela, resgatada da copa de 2014. Acuado o DJ contra-ataca gritando numa voz esgani\u00e7ada quase infantil:<\/p>\n<p>&#8211; A nossa bandeira jamais ser\u00e1 vermelha!<\/p>\n<p>Seu Lu\u00eds, nonagen\u00e1rio, morador do 803 e calejado da ditadura do Estado Novo e do golpe militar de 1964, encerra a discuss\u00e3o:<\/p>\n<p>&#8211; \u00d4, Mariozinho, para com essa merda de bolsonarista, menino, sen\u00e3o eu vou falar com o s\u00edndico e com o seu pai. Ah, e j\u00e1 que t\u00e1 nas carrapetas, v\u00ea se toca uma do Raul.<\/p>\n<p>Sob vaias e risos ensurdecedores, Mariozinho desliga o som e vai pro quarto reclamar no twitter da censura e da falta de liberdade de express\u00e3o.<\/p>\n<p><strong>11:26 AM<\/strong><\/p>\n<p>Algu\u00e9m coloca &#8220;Apesar de Voc\u00ea&#8221; alto para todo mundo ouvir. Mariozinho continua de castigo auto imposto. Enquanto isso, as institui\u00e7\u00f5es lan\u00e7am mais uma nota pedindo a paz entre os poderes e respeito \u00e0 constitui\u00e7\u00e3o. Em Bras\u00edlia tudo continua igual. At\u00e9 quando?<\/p>\n","protected":false},"excerpt":{"rendered":"<p>7 de setembro de 2021 9:57 AM No bloco C do Edif\u00edcio JK, de um apartamento n\u00e3o identificado, come\u00e7a a tocar, num volume acima do esperado, o hino nacional. Dada a atual situa\u00e7\u00e3o pol\u00edtica, os demais cond\u00f4minos ficam incomodados. Mas n\u00e3o fazem nada. 10:08 AM Depois de 2 vers\u00f5es remix do hino nacional e de [&hellip;]<\/p>\n","protected":false},"author":1,"featured_media":0,"comment_status":"open","ping_status":"open","sticky":false,"template":"","format":"standard","meta":{"footnotes":""},"categories":[206],"tags":[],"class_list":["post-5220","post","type-post","status-publish","format-standard","hentry","category-microconto"],"_links":{"self":[{"href":"https:\/\/lisandrogaertner.net\/blog\/wp-json\/wp\/v2\/posts\/5220","targetHints":{"allow":["GET"]}}],"collection":[{"href":"https:\/\/lisandrogaertner.net\/blog\/wp-json\/wp\/v2\/posts"}],"about":[{"href":"https:\/\/lisandrogaertner.net\/blog\/wp-json\/wp\/v2\/types\/post"}],"author":[{"embeddable":true,"href":"https:\/\/lisandrogaertner.net\/blog\/wp-json\/wp\/v2\/users\/1"}],"replies":[{"embeddable":true,"href":"https:\/\/lisandrogaertner.net\/blog\/wp-json\/wp\/v2\/comments?post=5220"}],"version-history":[{"count":6,"href":"https:\/\/lisandrogaertner.net\/blog\/wp-json\/wp\/v2\/posts\/5220\/revisions"}],"predecessor-version":[{"id":5226,"href":"https:\/\/lisandrogaertner.net\/blog\/wp-json\/wp\/v2\/posts\/5220\/revisions\/5226"}],"wp:attachment":[{"href":"https:\/\/lisandrogaertner.net\/blog\/wp-json\/wp\/v2\/media?parent=5220"}],"wp:term":[{"taxonomy":"category","embeddable":true,"href":"https:\/\/lisandrogaertner.net\/blog\/wp-json\/wp\/v2\/categories?post=5220"},{"taxonomy":"post_tag","embeddable":true,"href":"https:\/\/lisandrogaertner.net\/blog\/wp-json\/wp\/v2\/tags?post=5220"}],"curies":[{"name":"wp","href":"https:\/\/api.w.org\/{rel}","templated":true}]}}