{"id":5317,"date":"2021-09-26T06:37:49","date_gmt":"2021-09-26T09:37:49","guid":{"rendered":"https:\/\/lisandrogaertner.net\/blog\/?p=5317"},"modified":"2021-09-26T10:10:59","modified_gmt":"2021-09-26T13:10:59","slug":"um-gigante-de-visao","status":"publish","type":"post","link":"https:\/\/lisandrogaertner.net\/blog\/um-gigante-de-visao\/","title":{"rendered":"Um gigante de vis\u00e3o"},"content":{"rendered":"<p>Conheci Marcelo Lachter no dia em que, num momento de desespero, resolvi vender minha biblioteca para pagar uma conta de telefone exorbitante que n\u00e3o era minha culpa. Ele foi \u00e0 minha casa, comprou meus livros, me deu bons conselhos e 9 meses depois me fez uma proposta que mudou a minha vida: \u201cQuer ser s\u00f3cio numa livraria?\u201d<\/p>\n<p>Aceitei, sem pensar duas vezes. Me tornei seu s\u00f3cio na Baratos da Ribeiro, que, para mim, durou apenas 9 meses, mas que existe at\u00e9 hoje, capitaneada por mais um de seus tutelados e meu amigo, Maur\u00edcio Gouveia.<\/p>\n<p>Marcelo era um gigante em todos os sentidos. Alto, calmo, cheio de sabedoria; juntava hordas de pessoas interessantes ao seu redor. Sempre tinha algo inteligente e cheio de cora\u00e7\u00e3o a dizer. Apesar de ter um problema f\u00edsico de vis\u00e3o, que poderia parecer um impeditivo para que trabalhasse com livros, ele tinha o melhor olho que j\u00e1 vi. Sabia escolher pessoas para cargos e amizades, livros para as lojas e em 2000 j\u00e1 tinha visto a possibilidade e tentado criar algo bem melhor do que a Estante Virtual que temos hoje.<\/p>\n<p>Quando a nossa sociedade na Baratos acabou, ficamos afastados por algum tempo, mas logo busquei retomar o contato e as rusgas sumiram rapidamente.<\/p>\n<p>Tentei voltar ao mercado de livros usados 5 anos depois do lan\u00e7amento da Baratos e ele foi convidado para o lan\u00e7amento da minha nova loja. Apareceu, analisou as estantes e os livros com seu olho cl\u00ednico, e me disse: \u201cVoc\u00ea est\u00e1 cobrando muito barato, assim a loja n\u00e3o vai se manter\u201d.<\/p>\n<p>N\u00e3o deu outra. Fui \u00e0 fal\u00eancia em menos de um ano e, no fechar das portas, o chamei novamente para comprar todo o meu estoque, que ele levou barato mas com justi\u00e7a.<\/p>\n<p>Depois de abrir e fechar a minha carreira como livreiro, ele me ofereceu uma carona. \u201cEu sei que n\u00e3o consigo ver quase nada, mas consegui tirar a carteira. Vamos nessa, pode confiar\u201d. Como fiz antes, confiei. E l\u00e1 fomos n\u00f3s de noite, em dire\u00e7\u00e3o \u00e0 minha casa, com ele usando as lanternas dos carros da frente como guias.<\/p>\n<p>Quando me deixou na porta do meu pr\u00e9dio, ele me disse: \u201cComecei a dirigir, pois acho que um adulto que n\u00e3o dirige tem algum problema em tomar o controle da pr\u00f3pria vida\u201d. Impactado, um m\u00eas depois, tomei controle da minha e comecei a trabalhar de carteira assinada. Quanto a dirigir, ainda n\u00e3o aprendi, mas sempre que entro num carro lembro dele e do seu conselho.<\/p>\n<p>Depois dessas experi\u00eancias, fomos nos esbarrando pela vida esporadicamente. Fui no lan\u00e7amento do seu galp\u00e3o de livros; me envolvi, parcialmente, numa ideia doida que ele teve de criar um curso para executivos baseado na s\u00e9rie 24 horas; participei de uma maratona para comemorar o seu anivers\u00e1rio, qual ele mesmo arriou \u00e0s 11 da manh\u00e3; e nos falamos bastante para apoiar um antigo livreiro que estava passando por um momento de dificuldades. No ano passado, lancei um projeto de narrativas sobre o 11 de setembro e pedi o seu depoimento, que ele me enviou com muita generosidade.<\/p>\n<p>Ontem fiquei sabendo do seu falecimento. Nas redes sociais, toda uma gera\u00e7\u00e3o de livreiros que ele criou fez coro com o que acabei de dizer. Era um cara gigante, de grande vis\u00e3o, com um cora\u00e7\u00e3o enorme, que mudou a vida de todos que conheceu. Ele, sem fazer esfor\u00e7o, foi respons\u00e1vel por carreiras, empreendimentos, experi\u00eancias de vida marcantes, e at\u00e9 casamentos e, consequentes, nascimentos.<\/p>\n<p>Marcelo foi uma dessas pessoas que vieram ao mundo para transformar a vida dos outros, e, mesmo n\u00e3o tendo filhos, deu \u00e0 luz um pa\u00eds mais inteligente, culto, cheio de compaix\u00e3o e alegria. Que a sua mem\u00f3ria seja uma ben\u00e7\u00e3o a todos n\u00f3s. <em>Zichrono livrachah<\/em>.<\/p>\n","protected":false},"excerpt":{"rendered":"<p>Conheci Marcelo Lachter no dia em que, num momento de desespero, resolvi vender minha biblioteca para pagar uma conta de telefone exorbitante que n\u00e3o era minha culpa. Ele foi \u00e0 minha casa, comprou meus livros, me deu bons conselhos e 9 meses depois me fez uma proposta que mudou a minha vida: \u201cQuer ser s\u00f3cio [&hellip;]<\/p>\n","protected":false},"author":1,"featured_media":0,"comment_status":"open","ping_status":"open","sticky":false,"template":"","format":"standard","meta":{"footnotes":""},"categories":[1],"tags":[],"class_list":["post-5317","post","type-post","status-publish","format-standard","hentry","category-escritos"],"_links":{"self":[{"href":"https:\/\/lisandrogaertner.net\/blog\/wp-json\/wp\/v2\/posts\/5317","targetHints":{"allow":["GET"]}}],"collection":[{"href":"https:\/\/lisandrogaertner.net\/blog\/wp-json\/wp\/v2\/posts"}],"about":[{"href":"https:\/\/lisandrogaertner.net\/blog\/wp-json\/wp\/v2\/types\/post"}],"author":[{"embeddable":true,"href":"https:\/\/lisandrogaertner.net\/blog\/wp-json\/wp\/v2\/users\/1"}],"replies":[{"embeddable":true,"href":"https:\/\/lisandrogaertner.net\/blog\/wp-json\/wp\/v2\/comments?post=5317"}],"version-history":[{"count":6,"href":"https:\/\/lisandrogaertner.net\/blog\/wp-json\/wp\/v2\/posts\/5317\/revisions"}],"predecessor-version":[{"id":5323,"href":"https:\/\/lisandrogaertner.net\/blog\/wp-json\/wp\/v2\/posts\/5317\/revisions\/5323"}],"wp:attachment":[{"href":"https:\/\/lisandrogaertner.net\/blog\/wp-json\/wp\/v2\/media?parent=5317"}],"wp:term":[{"taxonomy":"category","embeddable":true,"href":"https:\/\/lisandrogaertner.net\/blog\/wp-json\/wp\/v2\/categories?post=5317"},{"taxonomy":"post_tag","embeddable":true,"href":"https:\/\/lisandrogaertner.net\/blog\/wp-json\/wp\/v2\/tags?post=5317"}],"curies":[{"name":"wp","href":"https:\/\/api.w.org\/{rel}","templated":true}]}}