{"id":5383,"date":"2021-10-08T11:52:10","date_gmt":"2021-10-08T14:52:10","guid":{"rendered":"https:\/\/lisandrogaertner.net\/blog\/?p=5383"},"modified":"2021-10-08T11:52:10","modified_gmt":"2021-10-08T14:52:10","slug":"meditacao-interrompida","status":"publish","type":"post","link":"https:\/\/lisandrogaertner.net\/blog\/meditacao-interrompida\/","title":{"rendered":"Medita\u00e7\u00e3o Interrompida"},"content":{"rendered":"<p><strong>Respire fundo e limpe sua mente de todos pensamentos negativos<\/strong><\/p>\n<p>Caramba, hoje fez um ano que o Jota morreu. Porra, parece que foi ontem. Pra dizer a verdade, parece que foi ontem que eu o conheci. Nunca vou esquecer, subindo a ladeira que levava pro col\u00e9gio, a professora de estudo dirigido passou pela gente, e ele me cutucou dizendo maliciosamente: &#8220;N\u00e3o imagina o que eu faria com essa mulher num quarto escuro&#8221;.<\/p>\n<p>O pior \u00e9 que eu nem imaginava mesmo. Eu tinha 6 anos, porra. Agora, eu tenho certeza que ele imaginava. Mas n\u00e3o tenho certeza O QUE ele imaginava. Mas coisa boa n\u00e3o era. Pra dizer a verdade, devia ser at\u00e9 coisa boa mas n\u00e3o para uma crian\u00e7a de seis anos. Fazer o qu\u00ea? Ele sempre foi precoce. At\u00e9 pra morrer. Meu Deus, que feio pensar isso, cala-te boca.<\/p>\n<p><strong>Se a sua mente vagar, a traga para perto de si.<\/strong><\/p>\n<p>Como era o nome dessa professora mesmo? Val\u00e9ria, Vanessa\u2026 acho que tinha algo com V. Ou era Maria. O Jota \u00e9 que tinha uma piadinha. Um lance tipo Maria Vagina. Maria Virg\u00ednia. Deixa pra l\u00e1. Nunca vou lembrar.<\/p>\n<p>Pra dizer a verdade, s\u00f3 lembro de sair pro recreio e ela esperar a gente na entrada do p\u00e1tio com aquela mesa cheia de copos de toddy geladinhos. &#8220;Toma Toddy, querido&#8221;, ela convidava sensualmente.<\/p>\n<p><strong>Os nossos pensamentos apenas passam por n\u00f3s. Eles n\u00e3o s\u00e3o quem somos.<\/strong><\/p>\n<p>Quanto tempo faz que eu n\u00e3o bebo um toddy. Ser\u00e1 que era bom mesmo ou \u00e9 s\u00f3 uma mem\u00f3ria afetiva da inf\u00e2ncia? Acho que o contexto ajudava. A tal Maria Vagina toda carinhosa, cal\u00e7a jeans atochada no corpo, com aquele copinho de leite achocolatado gelado na m\u00e3o; a gente todo feliz, sem preocupa\u00e7\u00f5es, correndo pra se divertir no recreio\u2026 meu Deus. Tem  sensa\u00e7\u00e3o melhor? <\/p>\n<p>Ser\u00e1 que eu pensava nisso mesmo? Com seis anos? A\u00ed \u00e9 hipersexualiza\u00e7\u00e3o demais. Vai ver era culpa da Xuxa na televis\u00e3o. Aqueles shorts e aquelas dan\u00e7as Era imposs\u00edvel a gente n\u00e3o ficar maluco.<\/p>\n<p><strong>Deixe seus desejos e medos de lado. Liberte-se. Liberte sua mente.<\/strong><\/p>\n<p>Jota, Xuxa, Maria Vagina. Por que diabos a gente n\u00e3o consegue se libertar dessas ideias obsessivas que fazem tanto mal pra gente? Por que a gente vive t\u00e3o angustiado com o futuro e com o passado? A gente vai morrer mesmo, que nem o Jota morreu. Para que se angustiar? O passado j\u00e1 foi. O futuro vem de qualquer jeito. Pra dizer a verdade, o que a gente consegue controlar da vida, mesmo?<\/p>\n<p>Acho que nada. Queria ser crian\u00e7a de novo. Sem preocupa\u00e7\u00f5es, sem medos, apenas com a certeza que a tia Ana L\u00facia estaria me esperando com um toddy geladinho antes do recreio. Isso! Esse era o nome dela tia Ana L\u00facia. Ufa, lembrei. Pra dizer a verdade j\u00e1 estava ficando angustiado de n\u00e3o lembrar.<\/p>\n<p><strong>Deixem os ressentimentos com o passado e as ang\u00fastias com o futuro de lado. Viva apenas o agora. Respire fundo e viva o presente.<\/strong><\/p>\n<p>Caramba, Ana L\u00facia. Ela morreu tamb\u00e9m. E quando a gente estava no col\u00e9gio. Foi c\u00e2ncer, eu acho. Coitada. Ficou carequinha. A gente chegava l\u00e1 no refeit\u00f3rio e l\u00e1 estava ela comendo granola com leite, quietinha, quase sem for\u00e7as. Que tristeza.<\/p>\n<p>O pior \u00e9 que eu comi granola hoje no caf\u00e9. Ser\u00e1 que estou com c\u00e2ncer? Ai, que horror pensar nisso. Cala te boca. Cala te boca. Pobre Ana L\u00facia, pobre Jota, pobre de mim.<\/p>\n<p><strong>Palavras certas, pensamentos certos, a\u00e7\u00f5es certas. Esse \u00e9 o caminho da medita\u00e7\u00e3o.<\/strong><\/p>\n<p>Ser\u00e1 que se eu colocar toddy na granola ficaria bom? O Jota uma vez falou disso, n\u00e3o? Sei l\u00e1. Pra dizer a verdade, n\u00e3o lembro mais de nada. Amanh\u00e3 eu tento. Deve ficar bom. Vai ficar bom, n\u00e3o? Sei l\u00e1, sei l\u00e1.<\/p>\n","protected":false},"excerpt":{"rendered":"<p>Respire fundo e limpe sua mente de todos pensamentos negativos Caramba, hoje fez um ano que o Jota morreu. Porra, parece que foi ontem. Pra dizer a verdade, parece que foi ontem que eu o conheci. Nunca vou esquecer, subindo a ladeira que levava pro col\u00e9gio, a professora de estudo dirigido passou pela gente, e [&hellip;]<\/p>\n","protected":false},"author":1,"featured_media":0,"comment_status":"open","ping_status":"open","sticky":false,"template":"","format":"standard","meta":{"footnotes":""},"categories":[1],"tags":[],"class_list":["post-5383","post","type-post","status-publish","format-standard","hentry","category-escritos"],"_links":{"self":[{"href":"https:\/\/lisandrogaertner.net\/blog\/wp-json\/wp\/v2\/posts\/5383","targetHints":{"allow":["GET"]}}],"collection":[{"href":"https:\/\/lisandrogaertner.net\/blog\/wp-json\/wp\/v2\/posts"}],"about":[{"href":"https:\/\/lisandrogaertner.net\/blog\/wp-json\/wp\/v2\/types\/post"}],"author":[{"embeddable":true,"href":"https:\/\/lisandrogaertner.net\/blog\/wp-json\/wp\/v2\/users\/1"}],"replies":[{"embeddable":true,"href":"https:\/\/lisandrogaertner.net\/blog\/wp-json\/wp\/v2\/comments?post=5383"}],"version-history":[{"count":1,"href":"https:\/\/lisandrogaertner.net\/blog\/wp-json\/wp\/v2\/posts\/5383\/revisions"}],"predecessor-version":[{"id":5384,"href":"https:\/\/lisandrogaertner.net\/blog\/wp-json\/wp\/v2\/posts\/5383\/revisions\/5384"}],"wp:attachment":[{"href":"https:\/\/lisandrogaertner.net\/blog\/wp-json\/wp\/v2\/media?parent=5383"}],"wp:term":[{"taxonomy":"category","embeddable":true,"href":"https:\/\/lisandrogaertner.net\/blog\/wp-json\/wp\/v2\/categories?post=5383"},{"taxonomy":"post_tag","embeddable":true,"href":"https:\/\/lisandrogaertner.net\/blog\/wp-json\/wp\/v2\/tags?post=5383"}],"curies":[{"name":"wp","href":"https:\/\/api.w.org\/{rel}","templated":true}]}}