{"id":6221,"date":"2022-04-03T10:10:50","date_gmt":"2022-04-03T13:10:50","guid":{"rendered":"https:\/\/lisandrogaertner.net\/blog\/?p=6221"},"modified":"2022-08-04T04:58:05","modified_gmt":"2022-08-04T07:58:05","slug":"o-discurso-final","status":"publish","type":"post","link":"https:\/\/lisandrogaertner.net\/blog\/o-discurso-final\/","title":{"rendered":"O discurso final"},"content":{"rendered":"<p>Agora que a janela de filia\u00e7\u00e3o partid\u00e1ria fechou e os quadros eleitorais est\u00e3o quase fechados, vamos focar no que interessa: o discurso de fechamento dos debates eleitorais. Com a perspectiva de que os principais candidatos fujam deles, ainda resta a esperan\u00e7a de que, aos moldes de <a href=\"https:\/\/www.youtube.com\/watch?v=fFpXwTCkwi0\" target=\"_blank\" rel=\"noopener\">Leonel Brizola<\/a>, algu\u00e9m fa\u00e7a um discurso hist\u00f3rico para fechar esse terr\u00edvel per\u00edodo da nossa hist\u00f3ria. Afinal, <a href=\"https:\/\/youtu.be\/Xg9aQvjMS60\">at\u00e9 os f\u00e3s do Iron Maiden sabem<\/a>, discursos hist\u00f3ricos s\u00e3o eternos e nos fazem ganhar guerras. Assim, como contribui\u00e7\u00e3o, segue a minha sugest\u00e3o de discurso para qualquer candidato que queira tirar a besta fera do poder:<\/p>\n<blockquote><p><em>Povo do meu Brasil,<\/em><\/p>\n<p>Agora encerramos mais uma etapa do processo eleitoral e vamos \u00e0s urnas para decidir o destino da nossa coletividade, daquilo que chamamos Brasil.<\/p>\n<p>Nos \u00faltimos quatro anos vivemos sob o terror de um governo que proclamava &#8220;Brasil acima de tudo e Deus acima de todos&#8221;. E o que menos vimos foi a defesa da nossa na\u00e7\u00e3o ou o respeito a um poder superior.<\/p>\n<p>Vimos:<\/p>\n<p>A transforma\u00e7\u00e3o do Brasil num p\u00e1ria mundial, um pa\u00eds de milicianos, desmatadores e grileiros<br \/>\nO desrespeito aos seres humanos, de todas as etnias, credos e orienta\u00e7\u00f5es<br \/>\nO aumento do desemprego, da precariza\u00e7\u00e3o do trabalho; a volta da fome e da infla\u00e7\u00e3o<br \/>\nE a exalta\u00e7\u00e3o da viol\u00eancia armada contra as minorias e as popula\u00e7\u00f5es mais vulner\u00e1veis<\/p>\n<p>O que esse discurso populista e falso escondia \u00e9 que ele queria um Brasil de criminosos armados acima de tudo, um Deus do \u00f3dio acima de todos, e Bolsonaro, e seus familiares e asseclas, acima de Deus.<\/p>\n<p>Afinal, nos \u00faltimos 4 anos, nessa tirania fascista tivemos um desgoverno que zombou da pandemia mundial, da morte e da dor de doentes e enlutados; que virou \u00e0s costas a nossos irm\u00e3os da Am\u00e9rica Latina e do mundo, pra promover a destrui\u00e7\u00e3o da natureza e dos povos ind\u00edgenas e ignorar as mudan\u00e7as clim\u00e1ticas; que atacou a democracia e promoveu a mentira e a desinforma\u00e7\u00e3o; que trocou favores, em detrimento da sa\u00fade e da educa\u00e7\u00e3o, com as piores pessoas desse pa\u00eds, em troca da sua manuten\u00e7\u00e3o no poder, de favores pessoais, de dinheiro e at\u00e9 de ouro, usando o nome de Deus em v\u00e3o.<\/p>\n<p>Nessa tirania fascista e corrupta, fomos v\u00edtimas da vaidade e da incompet\u00eancia de um homem fraco e desequilibrado que nos afastou da comunidade global e dos valores que ele fingia apregoar. Nos \u00faltimos quatro anos fomos um Brasil abaixo de todos e esquecido por Deus.<\/p>\n<p>Mas voc\u00ea pode mudar isso. Nessa elei\u00e7\u00e3o, a sua escolha pode nos tornar melhores. N\u00e3o um pa\u00eds acima de tudo, mas um pa\u00eds irm\u00e3o em uma comunidade mundial; um pa\u00eds com respeito a todas as pessoas e a todos os credos; um pa\u00eds onde ningu\u00e9m esteja acima dos outros e em que o presidente seja algu\u00e9m escolhido para atender \u00e0 sua popula\u00e7\u00e3o, ao inv\u00e9s de seus interesses escusos.<\/p>\n<p>Por isso, no seu pr\u00f3ximo voto, escolha a paz, escolha o respeito, escolha o amor. Vote num Brasil, n\u00e3o acima de tudo, mas um Brasil formado por n\u00f3s. Pois o Brasil somos n\u00f3s.<\/p>\n<p>Muito obrigado e bom voto. O Brasil somos n\u00f3s.<\/p><\/blockquote>\n<p>Enfim, n\u00e3o importa em quem voc\u00ea queira votar, vamos dizer o n\u00e3o abafado de nosso peito contra tudo que est\u00e1 a\u00ed.\u00a0 <a href=\"https:\/\/music.youtube.com\/watch?v=PkPpph9-nNw&amp;feature=share\">Como dizia Belchior<\/a>, ainda n\u00e3o \u00e9 hora de levar flores \u00e0 cova do inimigo. \u00c9 hora de lutar.<\/p>\n<p>Come\u00e7ou.<\/p>\n","protected":false},"excerpt":{"rendered":"<p>Agora que a janela de filia\u00e7\u00e3o partid\u00e1ria fechou e os quadros eleitorais est\u00e3o quase fechados, vamos focar no que interessa: o discurso de fechamento dos debates eleitorais. Com a perspectiva de que os principais candidatos fujam deles, ainda resta a esperan\u00e7a de que, aos moldes de Leonel Brizola, algu\u00e9m fa\u00e7a um discurso hist\u00f3rico para fechar [&hellip;]<\/p>\n","protected":false},"author":1,"featured_media":0,"comment_status":"open","ping_status":"open","sticky":false,"template":"","format":"standard","meta":{"footnotes":""},"categories":[1],"tags":[209],"class_list":["post-6221","post","type-post","status-publish","format-standard","hentry","category-escritos","tag-politica"],"_links":{"self":[{"href":"https:\/\/lisandrogaertner.net\/blog\/wp-json\/wp\/v2\/posts\/6221","targetHints":{"allow":["GET"]}}],"collection":[{"href":"https:\/\/lisandrogaertner.net\/blog\/wp-json\/wp\/v2\/posts"}],"about":[{"href":"https:\/\/lisandrogaertner.net\/blog\/wp-json\/wp\/v2\/types\/post"}],"author":[{"embeddable":true,"href":"https:\/\/lisandrogaertner.net\/blog\/wp-json\/wp\/v2\/users\/1"}],"replies":[{"embeddable":true,"href":"https:\/\/lisandrogaertner.net\/blog\/wp-json\/wp\/v2\/comments?post=6221"}],"version-history":[{"count":4,"href":"https:\/\/lisandrogaertner.net\/blog\/wp-json\/wp\/v2\/posts\/6221\/revisions"}],"predecessor-version":[{"id":6225,"href":"https:\/\/lisandrogaertner.net\/blog\/wp-json\/wp\/v2\/posts\/6221\/revisions\/6225"}],"wp:attachment":[{"href":"https:\/\/lisandrogaertner.net\/blog\/wp-json\/wp\/v2\/media?parent=6221"}],"wp:term":[{"taxonomy":"category","embeddable":true,"href":"https:\/\/lisandrogaertner.net\/blog\/wp-json\/wp\/v2\/categories?post=6221"},{"taxonomy":"post_tag","embeddable":true,"href":"https:\/\/lisandrogaertner.net\/blog\/wp-json\/wp\/v2\/tags?post=6221"}],"curies":[{"name":"wp","href":"https:\/\/api.w.org\/{rel}","templated":true}]}}