{"id":6774,"date":"2022-10-13T13:13:05","date_gmt":"2022-10-13T16:13:05","guid":{"rendered":"https:\/\/lisandrogaertner.net\/blog\/?p=6774"},"modified":"2023-10-12T14:01:40","modified_gmt":"2023-10-12T17:01:40","slug":"despertar","status":"publish","type":"post","link":"https:\/\/lisandrogaertner.net\/blog\/despertar\/","title":{"rendered":"despertar"},"content":{"rendered":"<p><span style=\"font-weight: 400;\">\u2026dormiu.<\/span><\/p>\n<p><span style=\"font-weight: 400;\">acordou no quarto escuro e tentou acostumar a sua vista \u00e0 falta de luz. aos poucos come\u00e7ou a perceber um raio de luz que vinha da janela. se levantou com cuidado para n\u00e3o acordar ningu\u00e9m e tentou espiar de onde vinha essa luz. de uma janela que nunca tinha percebido, no pr\u00e9dio espelho, em frente ao seu, uma pessoa olhava de volta. se escondeu, num susto, e percebeu, de canto de olho, que a pessoa fez o mesmo.tentou olhar novamente, sem que a outra pessoa lhe percebesse, mas a pessoa imitou seus movimentos. ficou de quatro e, olhando para o raio de luz, engatinhou at\u00e9 \u00e0 cama, esperando esquecer do outro algu\u00e9m. quem seria essa outra pessoa? quem seria? ser\u00e1 que poderia ser\u2026melhor nem pensar nisso. fechou os olhos, torcendo para ter um sonho que apagasse todo esse medo e estranheza da sua mente. dormiu.<\/span><\/p>\n<p><span style=\"font-weight: 400;\">acordou\u2026<\/span><\/p>\n<p><img decoding=\"async\" class=\"alignnone wp-image-6745 size-full\" src=\"https:\/\/lisandrogaertner.net\/blog\/wp-content\/uploads\/2022\/10\/literoutubro_OK.png\" alt=\"\" width=\"700\" height=\"100\" srcset=\"https:\/\/lisandrogaertner.net\/blog\/wp-content\/uploads\/2022\/10\/literoutubro_OK.png 700w, https:\/\/lisandrogaertner.net\/blog\/wp-content\/uploads\/2022\/10\/literoutubro_OK-300x43.png 300w\" sizes=\"(max-width: 700px) 100vw, 700px\" \/><\/p>\n","protected":false},"excerpt":{"rendered":"<p>\u2026dormiu. acordou no quarto escuro e tentou acostumar a sua vista \u00e0 falta de luz. aos poucos come\u00e7ou a perceber um raio de luz que vinha da janela. se levantou com cuidado para n\u00e3o acordar ningu\u00e9m e tentou espiar de onde vinha essa luz. de uma janela que nunca tinha percebido, no pr\u00e9dio espelho, em [&hellip;]<\/p>\n","protected":false},"author":1,"featured_media":0,"comment_status":"open","ping_status":"open","sticky":false,"template":"","format":"standard","meta":{"footnotes":""},"categories":[206],"tags":[],"class_list":["post-6774","post","type-post","status-publish","format-standard","hentry","category-microconto"],"_links":{"self":[{"href":"https:\/\/lisandrogaertner.net\/blog\/wp-json\/wp\/v2\/posts\/6774","targetHints":{"allow":["GET"]}}],"collection":[{"href":"https:\/\/lisandrogaertner.net\/blog\/wp-json\/wp\/v2\/posts"}],"about":[{"href":"https:\/\/lisandrogaertner.net\/blog\/wp-json\/wp\/v2\/types\/post"}],"author":[{"embeddable":true,"href":"https:\/\/lisandrogaertner.net\/blog\/wp-json\/wp\/v2\/users\/1"}],"replies":[{"embeddable":true,"href":"https:\/\/lisandrogaertner.net\/blog\/wp-json\/wp\/v2\/comments?post=6774"}],"version-history":[{"count":2,"href":"https:\/\/lisandrogaertner.net\/blog\/wp-json\/wp\/v2\/posts\/6774\/revisions"}],"predecessor-version":[{"id":6776,"href":"https:\/\/lisandrogaertner.net\/blog\/wp-json\/wp\/v2\/posts\/6774\/revisions\/6776"}],"wp:attachment":[{"href":"https:\/\/lisandrogaertner.net\/blog\/wp-json\/wp\/v2\/media?parent=6774"}],"wp:term":[{"taxonomy":"category","embeddable":true,"href":"https:\/\/lisandrogaertner.net\/blog\/wp-json\/wp\/v2\/categories?post=6774"},{"taxonomy":"post_tag","embeddable":true,"href":"https:\/\/lisandrogaertner.net\/blog\/wp-json\/wp\/v2\/tags?post=6774"}],"curies":[{"name":"wp","href":"https:\/\/api.w.org\/{rel}","templated":true}]}}