{"id":6805,"date":"2022-11-01T08:05:00","date_gmt":"2022-11-01T11:05:00","guid":{"rendered":"https:\/\/lisandrogaertner.net\/blog\/?p=6805"},"modified":"2023-10-12T13:33:53","modified_gmt":"2023-10-12T16:33:53","slug":"meu-vizinho-arnaldo","status":"publish","type":"post","link":"https:\/\/lisandrogaertner.net\/blog\/meu-vizinho-arnaldo\/","title":{"rendered":"Meu vizinho, Arnaldo"},"content":{"rendered":"<p>Foi o porteiro quem me alertou do novo vizinho:<\/p>\n<p>&#8211; T\u00e1 morando do lado de celebridade agora\u2026<br \/>\n&#8211; S\u00e9rio? \u00c9 atriz? Modelo?<br \/>\n&#8211; N\u00e3o, \u00e9 homem.<br \/>\n&#8211; Ator? Jogador de futebol?<br \/>\n&#8211; Melhor voc\u00ea mesmo ver\u2026<\/p>\n<p>Cheguei em casa, e, para n\u00e3o parecer t\u00e3o afobado, esperei at\u00e9 umas 8 da noite para tocar a campainha do vizinho.<\/p>\n<p>&#8211; <strong>J\u00c1 VAI!<\/strong> &#8211; uma voz tenebrosa e sinistra soou do outro lado da porta.<\/p>\n<p>A voz foi um pren\u00fancio muito leve do que me esperava. A porta abriu e l\u00e1 estava ele: o Major Pavor, o super \u201cher\u00f3i\u201d da ditadura militar. Dois metros e meio de altura; o rosto putrefato, decorrente da experi\u00eancia gen\u00e9tica que lhe deu superfor\u00e7a e o poder de voo; o uniforme verde e amarelo que foi fundido ao seu corpo para lhe dar invulnerabilidade; acusado de milhares de crimes pol\u00edticos, dos quais s\u00f3 escapou de ser preso por conta da lei da Anistia; e, pelo o que eu lembrava, tinha sumido no interior do Brasil arrependido de seu passado. Eu esperava que essa parte final fosse verdade.<\/p>\n<p>&#8211; <strong>SIM?<\/strong><br \/>\n&#8211; Oi, er\u2026 tudo bem? Eu sou seu vizinho de porta e vim aqui pra me\u2026. ahm\u2026. apresentar. Tudo bem? Seja bem vindo. Bom, se precisar de alguma coisa, voc\u00ea sabe\u2026 ahm, \u00e9 s\u00f3 avisar.<br \/>\n&#8211; <strong>MUITO PRAZER<\/strong>&#8211; ele estendeu a m\u00e3o enorme em minha dire\u00e7\u00e3o.- <strong>PRA FALAR A VERDADE ACHO QUE VOC\u00ca PODE ME AJUDAR COM ALGO.<\/strong><br \/>\n&#8211; Claro. O que posso fazer por voc\u00ea?<\/p>\n<p>Ele me convidou pra entrar. A sua casa ainda estava cheia de caixas, mas j\u00e1 dava pra ter uma ideia da decora\u00e7\u00e3o meio hippie, meio krishnamurti.<\/p>\n<p>&#8211; <strong>AQUI<\/strong>&#8211; ele apontou para uma caixa marcada com um adesivo de fr\u00e1gil.- <strong>PRECISO PEGAR<\/strong> <strong>UM PORTA RETRATO NESSA CAIXA MAS ESTOU COM MEDO DE QUEBRAR TUDO A\u00cd DENTRO.<\/strong><br \/>\n&#8211; Ok, deixa eu ver o que posso fazer.<\/p>\n<p>Abri a caixa sem muito jeito, mas n\u00e3o quebrei nada. E do meio de folhas e folhas de pl\u00e1stico bolha tirei um porta retrato onde tinha uma foto do Major Pavor com o Betinho, sim, o irm\u00e3o do Henfil, do Fome Zero.<\/p>\n<p>Ele pegou o porta retrato com a ponta dos dedos e o colocou no rack da televis\u00e3o.<\/p>\n<p>&#8211; Voc\u00ea conheceu o Betinho?- tentei puxar assunto.<br \/>\n&#8211; <strong>SIM. FUI VOLUNT\u00c1RIO NO FOME ZERO. GRANDE SER HUMANO.<\/strong><br \/>\n&#8211; \u00c9, eu imagino. Bom, ent\u00e3o, foi um prazer. Qualquer coisa\u2026<br \/>\n&#8211; <strong>QUE ISSO. DEIXA EU TE RETRIBUIR. QUE TAL UMA CERVEJA?<\/strong><br \/>\n&#8211; Bom, t\u00e1 meio tarde\u2026<br \/>\n&#8211; <strong>N\u00c3O ME FAZ ESSA DESFEITA. \u00c9 UMA CERVEJINHA S\u00d3.<\/strong><br \/>\n&#8211; Ok, se for uma s\u00f3\u2026<\/p>\n<p>N\u00e3o foi uma s\u00f3. S\u00f3 sa\u00ed da casa do Major Pavor de madrugada, depois de ouvir toda a sua epopeia.<\/p>\n<p>Apesar de ter o nome de Major Pavor, ele era um recruta que foi submetido a experi\u00eancias coordenadas pelo Mengele, que vivia escondido no Brasil e protegido pelo governo militar. Sem muita perspectiva, confessou, fez muita coisa da qual hoje se arrepende. Com a Anistia, ele foi liberado de suas fun\u00e7\u00f5es e, profundamente abalado pela sua consci\u00eancia, foi morar numa comunidade hippie no interior de Minas. L\u00e1 come\u00e7ou a meditar e se tornou budista. Depois de 40 anos de reclus\u00e3o voltou \u00e0 cidade grande para ajudar a cuidar de uma tia nonagen\u00e1ria e fazer faculdade de servi\u00e7o social. E, contando com as in\u00fameras cervejas que tomamos, isso terminava a sua hist\u00f3ria.<\/p>\n<p>Quando fui pra casa, apertamos as m\u00e3os no corredor:<\/p>\n<p>&#8211; P\u00f4, Major Pavor, vou te dizer, realmente foi um prazer conhecer a tua hist\u00f3ria.<br \/>\n&#8211; <strong>N\u00c3O ME CHAMA ASSIM. J\u00c1 DEIXEI ISSO NO PASSADO. MEU NOME \u00c9 ARNALDO. ARNALDO.<\/strong><br \/>\n&#8211; Blz, Arnaldo.<\/p>\n<p>No dia seguinte, no botequim, o assunto era o Major Pavor. Um pessoal se dizia com medo da sua presen\u00e7a. Ser\u00e1 que ainda era o reacion\u00e1rio que auxiliou o governo militar? Outro grupo queria se organizar para expuls\u00e1-lo do bairro. Onde j\u00e1 se viu dar guarida a um s\u00edmbolo da opress\u00e3o? Eu, como o tinha conhecido, me calei. N\u00e3o sabia o que dizer. Realmente o que ele tinha feito fora imperdo\u00e1vel, mas ele me parecia ter mudado. Por mais que, concordo, ele n\u00e3o devia ter sido anistiado, at\u00e9 quando algu\u00e9m deve pagar pelos seus crimes? Ser\u00e1 que acreditamos de verdade que algu\u00e9m pode se regenerar ou s\u00f3 dizemos isso da boca pra fora?<\/p>\n<p>Enquanto os \u00e2nimos se exaltavam no botequim, de repente, precedido pelos seus ruidosos passos, o Major Pavor passou pela pra\u00e7a, com uma sacola de compras, indo em dire\u00e7\u00e3o ao Hortifruti.<\/p>\n<p>&#8211; <strong>FALA, VIZINHO<\/strong>&#8211; ele acenou pra mim.<br \/>\n&#8211; Fala, Arnaldo- respondi.<\/p>\n<p>O botequim todo se virou pra mim, assustado. Depois de um longo momento de espanto, algu\u00e9m finalmente conseguiu quebrar o sil\u00eancio:<\/p>\n<p>&#8211; Ent\u00e3o, quer dizer que voc\u00ea conhece o Major Pavor?<br \/>\n&#8211; N\u00e3o, quer dizer, eu conhe\u00e7o ele, mas o nome dele n\u00e3o \u00e9 Major Pavor, \u00e9 Arnaldo. \u00c9 Arnaldo.<\/p>\n<p><img decoding=\"async\" class=\"aligncenter wp-image-6806 size-full\" src=\"https:\/\/lisandrogaertner.net\/blog\/wp-content\/uploads\/2022\/11\/mundial_de_escritura.png\" alt=\"\" width=\"600\" height=\"100\" srcset=\"https:\/\/lisandrogaertner.net\/blog\/wp-content\/uploads\/2022\/11\/mundial_de_escritura.png 600w, https:\/\/lisandrogaertner.net\/blog\/wp-content\/uploads\/2022\/11\/mundial_de_escritura-300x50.png 300w\" sizes=\"(max-width: 600px) 100vw, 600px\" \/><\/p>\n","protected":false},"excerpt":{"rendered":"<p>Foi o porteiro quem me alertou do novo vizinho: &#8211; T\u00e1 morando do lado de celebridade agora\u2026 &#8211; S\u00e9rio? \u00c9 atriz? Modelo? &#8211; N\u00e3o, \u00e9 homem. &#8211; Ator? Jogador de futebol? &#8211; Melhor voc\u00ea mesmo ver\u2026 Cheguei em casa, e, para n\u00e3o parecer t\u00e3o afobado, esperei at\u00e9 umas 8 da noite para tocar a campainha [&hellip;]<\/p>\n","protected":false},"author":1,"featured_media":0,"comment_status":"open","ping_status":"open","sticky":false,"template":"","format":"standard","meta":{"footnotes":""},"categories":[227,206],"tags":[],"class_list":["post-6805","post","type-post","status-publish","format-standard","hentry","category-destaque","category-microconto"],"_links":{"self":[{"href":"https:\/\/lisandrogaertner.net\/blog\/wp-json\/wp\/v2\/posts\/6805","targetHints":{"allow":["GET"]}}],"collection":[{"href":"https:\/\/lisandrogaertner.net\/blog\/wp-json\/wp\/v2\/posts"}],"about":[{"href":"https:\/\/lisandrogaertner.net\/blog\/wp-json\/wp\/v2\/types\/post"}],"author":[{"embeddable":true,"href":"https:\/\/lisandrogaertner.net\/blog\/wp-json\/wp\/v2\/users\/1"}],"replies":[{"embeddable":true,"href":"https:\/\/lisandrogaertner.net\/blog\/wp-json\/wp\/v2\/comments?post=6805"}],"version-history":[{"count":1,"href":"https:\/\/lisandrogaertner.net\/blog\/wp-json\/wp\/v2\/posts\/6805\/revisions"}],"predecessor-version":[{"id":6807,"href":"https:\/\/lisandrogaertner.net\/blog\/wp-json\/wp\/v2\/posts\/6805\/revisions\/6807"}],"wp:attachment":[{"href":"https:\/\/lisandrogaertner.net\/blog\/wp-json\/wp\/v2\/media?parent=6805"}],"wp:term":[{"taxonomy":"category","embeddable":true,"href":"https:\/\/lisandrogaertner.net\/blog\/wp-json\/wp\/v2\/categories?post=6805"},{"taxonomy":"post_tag","embeddable":true,"href":"https:\/\/lisandrogaertner.net\/blog\/wp-json\/wp\/v2\/tags?post=6805"}],"curies":[{"name":"wp","href":"https:\/\/api.w.org\/{rel}","templated":true}]}}