{"id":7160,"date":"2022-12-30T09:59:21","date_gmt":"2022-12-30T12:59:21","guid":{"rendered":"https:\/\/lisandrogaertner.net\/blog\/?p=7160"},"modified":"2022-12-30T09:59:21","modified_gmt":"2022-12-30T12:59:21","slug":"agradecer-faz-parte","status":"publish","type":"post","link":"https:\/\/lisandrogaertner.net\/blog\/agradecer-faz-parte\/","title":{"rendered":"Agradecer faz parte"},"content":{"rendered":"<p>N\u00e3o lembro do filme, mas lembro da frase:<\/p>\n<p>&#8211; N\u00e3o rezo pra pedir. Rezo pra agradecer.<\/p>\n<p>Faz sentido. Pacas. Pedir \u00e9 meio caminho pra ficar frustrado. Se n\u00e3o recebe o que pediu, voc\u00ea vai ficar puto. Com Deus, com o diabo, com o governo, com voc\u00ea mesmo. H\u00e1 sempre algu\u00e9m a se culpar pelo que n\u00e3o conseguiu. Al\u00e9m disso, mesmo se conseguir o que esperava, pedir \u00e9 prestar menos aten\u00e7\u00e3o no que vem na sua dire\u00e7\u00e3o. Focar numa coisa s\u00f3 te impede de curtir as surpresas que a vida te prepara e elas, muitas vezes, s\u00e3o melhores do que qualquer coisa que voc\u00ea podia imaginar. Por isso se chamam surpresas.<\/p>\n<p>Assim, seguindo o conselho do filme do qual n\u00e3o lembro o t\u00edtulo, em vez de pedir por coisas em 2023, vou agradecer pelo que de bom me aconteceu. O que esperava, o que eu n\u00e3o esperava, o que foi surpresa agora, o que j\u00e1 foi surpresa h\u00e1 muito tempo. Vou agradecer.<\/p>\n<p>Vou agradecer por estamos bem e com sa\u00fade. Vou agradecer por estarmos trabalhando e estudando. Vou agradecer pelos 20 anos de casados com a Gabi e pela nossa filha maravilhosa, que estreou em livro e pe\u00e7a esse ano. Vou agradecer pelos amigos que nos rodeiam, mesmo que tenhamos perdido alguns muito queridos esse ano; mas pior seria n\u00e3o te-los em nossas vidas. Vou agradecer por saber lidar com o luto como o pre\u00e7o que a gente paga por amar. Vou agradecer por n\u00e3o ter vergonha de citar Elizabeth II. Vou agradecer pelas nossas fam\u00edlias, meio abaladas pela polariza\u00e7\u00e3o pol\u00edtica, mas aprendendo a lidar com as diferen\u00e7as de opini\u00e3o. Vou agradecer pelo fim do (des)governo da besta fera e pela expectativa de normalidade que o ano que vem carrega. Vou agradecer pelos livros que li, os filmes e s\u00e9ries que assisti, tanto as boas como as ruins. Vou agradecer por ter reaprendido a curtir at\u00e9 o que n\u00e3o \u00e9 bom. Vou agradecer pelos risos, pelas piadas, pelas conversas s\u00e9rias e assuntos importantes. Vou agradecer por ainda saber separar os momentos leves dos pesados. Vou agradecer por ter lan\u00e7ado meu livro f\u00edsico e continuar escrevendo (quase) todo dia. Vou agradecer por ter ajudado alguns amigos a publicarem seus pr\u00f3prios livros e estar aprendendo a ser um editor. Vou agradecer pelos lugares que conheci e aos quais quero voltar. Vou agradecer por alimentar meus sonhos, sem a press\u00e3o de transform\u00e1-los em metas. Vou agradecer pelos projetos em que me meti; tanto os que deram certo, como os que deram errado. Vou agradecer por aprender com isso tudo que rolou. Vou agradecer por ter voltado a nadar, mesmo que ainda\u00a0 precise vencer a pregui\u00e7a e nadar mais. Vou agradecer por ter lembrado de agradecer, o que prova que estou menos mal agradecido.<\/p>\n<p>Que em 2023, tenhamos muito mais a agradecer.<\/p>\n<p>Obrigado por me ler nesse e em outros anos. Agradecido. \ud83d\ude09<\/p>\n","protected":false},"excerpt":{"rendered":"<p>N\u00e3o lembro do filme, mas lembro da frase: &#8211; N\u00e3o rezo pra pedir. Rezo pra agradecer. Faz sentido. Pacas. Pedir \u00e9 meio caminho pra ficar frustrado. Se n\u00e3o recebe o que pediu, voc\u00ea vai ficar puto. Com Deus, com o diabo, com o governo, com voc\u00ea mesmo. H\u00e1 sempre algu\u00e9m a se culpar pelo que [&hellip;]<\/p>\n","protected":false},"author":1,"featured_media":0,"comment_status":"open","ping_status":"open","sticky":false,"template":"","format":"standard","meta":{"footnotes":""},"categories":[204],"tags":[],"class_list":["post-7160","post","type-post","status-publish","format-standard","hentry","category-blog"],"_links":{"self":[{"href":"https:\/\/lisandrogaertner.net\/blog\/wp-json\/wp\/v2\/posts\/7160","targetHints":{"allow":["GET"]}}],"collection":[{"href":"https:\/\/lisandrogaertner.net\/blog\/wp-json\/wp\/v2\/posts"}],"about":[{"href":"https:\/\/lisandrogaertner.net\/blog\/wp-json\/wp\/v2\/types\/post"}],"author":[{"embeddable":true,"href":"https:\/\/lisandrogaertner.net\/blog\/wp-json\/wp\/v2\/users\/1"}],"replies":[{"embeddable":true,"href":"https:\/\/lisandrogaertner.net\/blog\/wp-json\/wp\/v2\/comments?post=7160"}],"version-history":[{"count":4,"href":"https:\/\/lisandrogaertner.net\/blog\/wp-json\/wp\/v2\/posts\/7160\/revisions"}],"predecessor-version":[{"id":7164,"href":"https:\/\/lisandrogaertner.net\/blog\/wp-json\/wp\/v2\/posts\/7160\/revisions\/7164"}],"wp:attachment":[{"href":"https:\/\/lisandrogaertner.net\/blog\/wp-json\/wp\/v2\/media?parent=7160"}],"wp:term":[{"taxonomy":"category","embeddable":true,"href":"https:\/\/lisandrogaertner.net\/blog\/wp-json\/wp\/v2\/categories?post=7160"},{"taxonomy":"post_tag","embeddable":true,"href":"https:\/\/lisandrogaertner.net\/blog\/wp-json\/wp\/v2\/tags?post=7160"}],"curies":[{"name":"wp","href":"https:\/\/api.w.org\/{rel}","templated":true}]}}