{"id":8555,"date":"2024-02-03T07:18:42","date_gmt":"2024-02-03T10:18:42","guid":{"rendered":"https:\/\/lisandrogaertner.net\/blog\/?p=8555"},"modified":"2024-02-03T07:18:42","modified_gmt":"2024-02-03T10:18:42","slug":"alicia_10","status":"publish","type":"post","link":"https:\/\/lisandrogaertner.net\/blog\/alicia_10\/","title":{"rendered":"(Diz se) 9 n\u00e3o s\u00e3o vinte"},"content":{"rendered":"<p>A primeira d\u00e9cada \u00e9 subestimada.<\/p>\n<p>Espremida entre o nascimento e a ansiada adolesc\u00eancia, a primeira d\u00e9cada, consumida pelas falhas da mem\u00f3ria em primeiro uso, parece um tempo a ser esquecido.<\/p>\n<p>Mas, apesar de voc\u00ea n\u00e3o lembrar quase nada da primeira metade dessa d\u00e9cada, a segunda metade, mesmo que guardada em n\u00e9voas espectrais e nost\u00e1lgicas, estabelece muito do que voc\u00ea \u00e9, pois, traumaticamente, foi quando ocorreram todos seus primeiros encontros.<\/p>\n<p>Os primeiros amigos; as primeiras desilus\u00f5es; as primeiras emo\u00e7\u00f5es fortes. Os primeiros amores; os primeiros livros; os primeiros filmes. Os primeiros aprendizados; os primeiros sonhos; as primeiras frustra\u00e7\u00f5es.<\/p>\n<p>E por mais que a falta da organiza\u00e7\u00e3o l\u00f3gico formal, que ir\u00e1 dominar o restante da sua vida, impe\u00e7a voc\u00ea de resgatar todos esses momentos, eles, tenha certeza, ser\u00e3o a sua raz\u00e3o para fazer tudo o que viver daqui pra frente.<\/p>\n<p>A raz\u00e3o do seu medo de elevador. A raz\u00e3o de voc\u00ea n\u00e3o gostar de andar de \u00f4nibus. A raz\u00e3o de voc\u00ea querer comer sushi toda vez que entrar de f\u00e9rias. A raz\u00e3o de voc\u00ea adorar ficar de cabe\u00e7a pra baixo e subverter a maneira de se sentar em todos os m\u00f3veis e cadeiras. A raz\u00e3o de odiar mastigar gelo. A raz\u00e3o de desconfiar demais de figuras de autoridades e confiar al\u00e9m da conta em novas amizades. A raz\u00e3o da sua raiva de palha\u00e7as pois um dia uma delas te jogou numa piscina com uma bundada. Enfim, a raz\u00e3o de todas as coisas que parecer\u00e3o n\u00e3o ter raz\u00e3o de ser, mas tem. E \u00f3 se tem.<\/p>\n<p>Nesses primeiros dez anos, que antecederam a sua adolesc\u00eancia, voc\u00ea teve contato com as experi\u00eancias primais que ser\u00e3o rebuscadas em suas pr\u00f3ximas rodadas.<\/p>\n<p>Os afetos virar\u00e3o romances. As brincadeiras virar\u00e3o voca\u00e7\u00f5es. Os medos virar\u00e3o cren\u00e7as. As conquistas virar\u00e3o valores. As fantasias virar\u00e3o planos de vida.<\/p>\n<p>E, enquanto planeja e executa essa vida futura, voc\u00ea esquecer\u00e1 desses 10 primeiros anos. Os anos que lhe fizeram se apaixonar pela vida; os anos que lhe deixaram curiosa sobre at\u00e9 onde voc\u00ea e o mundo podem chegar; esses 10 primeiros anos estar\u00e3o escondidos embaixo de fotos com pessoas das quais n\u00e3o lembrar\u00e1, e de hist\u00f3rias que seus pais contar\u00e3o e voc\u00ea ter\u00e1 certeza que n\u00e3o foram bem assim.<\/p>\n<p>Por isso, agora que come\u00e7a a sua jornada em dire\u00e7\u00e3o aos 20 anos, lhe pe\u00e7o: n\u00e3o esque\u00e7a dessa sua primeira d\u00e9cada. A d\u00e9cada em que lhe conhecemos e, por incr\u00edvel que pare\u00e7a, a d\u00e9cada em que mais esteve com a gente, de uma maneira que jamais estar\u00e1.<\/p>\n<p>Assim, lhe desejando sorte nesse gradual se descolar dos seus pais, eu s\u00f3 lhe pe\u00e7o que n\u00e3o esque\u00e7a de tudo que passamos juntos e de todas as experi\u00eancias que s\u00e3o a base da pessoa incr\u00edvel que voc\u00ea \u00e9 e ser\u00e1.<\/p>\n<p>Mas n\u00e3o precisa ser que nem o Casimiro de Abreu que est\u00e1 enterrado l\u00e1 na Igrejinha perto da casa da tia D\u00e9. Afinal &#8220;que saudades que eu tenho da aurora da minha vida, da minha inf\u00e2ncia querida, que os anos n\u00e3o trazem mais&#8221;, como voc\u00ea sempre diz, \u00e9 dessas coisas super bregas que s\u00f3 o seu pai gosta.<\/p>\n<p>Ent\u00e3o, sem mais bl\u00e1-bl\u00e1-bl\u00e1, lhe desejamos um feliz anivers\u00e1rio, uma incr\u00edvel segunda d\u00e9cada, esperando que tenhamos lhe ajudado a ser um pouco mais feliz nessa primeira!<\/p>\n<p>Beijos do seu pai e da sua m\u00e3e que a amam.<\/p>\n<p>Li e Gabi<\/p>\n","protected":false},"excerpt":{"rendered":"<p>A primeira d\u00e9cada \u00e9 subestimada. Espremida entre o nascimento e a ansiada adolesc\u00eancia, a primeira d\u00e9cada, consumida pelas falhas da mem\u00f3ria em primeiro uso, parece um tempo a ser esquecido. Mas, apesar de voc\u00ea n\u00e3o lembrar quase nada da primeira metade dessa d\u00e9cada, a segunda metade, mesmo que guardada em n\u00e9voas espectrais e nost\u00e1lgicas, estabelece [&hellip;]<\/p>\n","protected":false},"author":1,"featured_media":0,"comment_status":"open","ping_status":"open","sticky":false,"template":"","format":"standard","meta":{"footnotes":""},"categories":[204],"tags":[],"class_list":["post-8555","post","type-post","status-publish","format-standard","hentry","category-blog"],"_links":{"self":[{"href":"https:\/\/lisandrogaertner.net\/blog\/wp-json\/wp\/v2\/posts\/8555","targetHints":{"allow":["GET"]}}],"collection":[{"href":"https:\/\/lisandrogaertner.net\/blog\/wp-json\/wp\/v2\/posts"}],"about":[{"href":"https:\/\/lisandrogaertner.net\/blog\/wp-json\/wp\/v2\/types\/post"}],"author":[{"embeddable":true,"href":"https:\/\/lisandrogaertner.net\/blog\/wp-json\/wp\/v2\/users\/1"}],"replies":[{"embeddable":true,"href":"https:\/\/lisandrogaertner.net\/blog\/wp-json\/wp\/v2\/comments?post=8555"}],"version-history":[{"count":2,"href":"https:\/\/lisandrogaertner.net\/blog\/wp-json\/wp\/v2\/posts\/8555\/revisions"}],"predecessor-version":[{"id":8557,"href":"https:\/\/lisandrogaertner.net\/blog\/wp-json\/wp\/v2\/posts\/8555\/revisions\/8557"}],"wp:attachment":[{"href":"https:\/\/lisandrogaertner.net\/blog\/wp-json\/wp\/v2\/media?parent=8555"}],"wp:term":[{"taxonomy":"category","embeddable":true,"href":"https:\/\/lisandrogaertner.net\/blog\/wp-json\/wp\/v2\/categories?post=8555"},{"taxonomy":"post_tag","embeddable":true,"href":"https:\/\/lisandrogaertner.net\/blog\/wp-json\/wp\/v2\/tags?post=8555"}],"curies":[{"name":"wp","href":"https:\/\/api.w.org\/{rel}","templated":true}]}}