{"id":8609,"date":"2024-03-09T06:18:58","date_gmt":"2024-03-09T09:18:58","guid":{"rendered":"https:\/\/lisandrogaertner.net\/blog\/?p=8609"},"modified":"2024-07-13T09:59:54","modified_gmt":"2024-07-13T12:59:54","slug":"alencar-e-as-mulheres","status":"publish","type":"post","link":"https:\/\/lisandrogaertner.net\/blog\/alencar-e-as-mulheres\/","title":{"rendered":"Alencar e as mulheres"},"content":{"rendered":"<p>Ontem, passando pela est\u00e1tua de Jos\u00e9 de Alencar, em frente \u00e0 pra\u00e7a de mesmo nome, minha filha notou que algum gaiato (ou gaiata) colocou uma flor, provavelmente recebida num desses eventos corporativos em homenagem ao Dia Internacional da Mulher, na m\u00e3o do escritor cearense.<\/p>\n<p><img decoding=\"async\" class=\"wp-image-8610 size-full aligncenter\" src=\"https:\/\/lisandrogaertner.net\/blog\/wp-content\/uploads\/2024\/03\/IMG_20240308_200423779-e1709974509726.jpg\" alt=\"\" width=\"420\" height=\"480\" srcset=\"https:\/\/lisandrogaertner.net\/blog\/wp-content\/uploads\/2024\/03\/IMG_20240308_200423779-e1709974509726.jpg 420w, https:\/\/lisandrogaertner.net\/blog\/wp-content\/uploads\/2024\/03\/IMG_20240308_200423779-e1709974509726-263x300.jpg 263w\" sizes=\"(max-width: 420px) 100vw, 420px\" \/><\/p>\n<p>&#8211; A gente devia subir l\u00e1 pra pegar a flor da m\u00e3o dele- minha filha sugeriu.<br \/>\n&#8211; U\u00e9? Porqu\u00ea?<br \/>\n&#8211; Essa flor \u00e9 do Dia da Mulher. E ele n\u00e3o \u00e9 mulher.<br \/>\n&#8211; \u00c9, tem raz\u00e3o, mas, na boa, ele teve a sua parte na luta pelos direitos das mulheres.<br \/>\n&#8211; Duvido!<br \/>\n&#8211; S\u00e9rio. L\u00e1 no s\u00e9culo XIX ele foi respons\u00e1vel por escrever v\u00e1rios livros sobre perfis femininos e botar as mulheres num protagonismo maior do que se fazia na \u00e9poca. Dentro dos limites culturais da \u00e9poca ele foi quase um feminista.<br \/>\n&#8211; Foi nada!<br \/>\n&#8211; Nos livros dele, as mulheres, se n\u00e3o eram as personagens principais, eram as for\u00e7as motrizes das hist\u00f3rias. Teve Iracema, Ceci, Senhora, Luc\u00edola, Diva, Til&#8230;<br \/>\n&#8211; Problema!- minha filha encerrou o assunto com seu irritante bord\u00e3o pr\u00e9 adolescente.<\/p>\n<p>E, assim, consegui dissuadir minha filha, feminista da quarta onda e meia, dos seus planos de alpinismo de est\u00e1tuas e\u00a0 deixamos Alencar com sua homenagem, devida ou indevida, intencional ou n\u00e3o, pelo destaque que deu \u00e0s mulheres e suas causas num tempo em que elas tinham ainda menos voz do que hoje. O que foi, na minha opini\u00e3o, at\u00e9 justo, afinal, a busca pela igualdade, tanto a de g\u00eanero como todas as outras, \u00e9 uma luta coletiva, inclusive daqueles que n\u00e3o fazem parte dos grupos minorizados, como o pr\u00f3prio Jos\u00e9 Alencar, guardadas, \u00f3bvio, as devidas propor\u00e7\u00f5es. Mas, n\u00e3o posso negar, minha filha tamb\u00e9m t\u00e1 cheia de raz\u00e3o.<\/p>\n<blockquote><p>\u201cE assim \u00e9 tudo nela; de contraste em contraste, mudando a cada instante, sua exist\u00eancia tem a const\u00e2ncia da volubilidade. Na vaga flutua\u00e7\u00e3o dessa alma, como no seio da onda, se desenha o mundo que a cerca; a sombra apaga a luz; uma forma devanece a outra; ela \u00e9 a imagem de tudo, menos de si pr\u00f3pria.\u201d &#8211; <strong>Til<\/strong>, <em>Jos\u00e9 de Alencar<\/em><\/p><\/blockquote>\n","protected":false},"excerpt":{"rendered":"<p>Ontem, passando pela est\u00e1tua de Jos\u00e9 de Alencar, em frente \u00e0 pra\u00e7a de mesmo nome, minha filha notou que algum gaiato (ou gaiata) colocou uma flor, provavelmente recebida num desses eventos corporativos em homenagem ao Dia Internacional da Mulher, na m\u00e3o do escritor cearense. &#8211; A gente devia subir l\u00e1 pra pegar a flor da [&hellip;]<\/p>\n","protected":false},"author":1,"featured_media":0,"comment_status":"open","ping_status":"open","sticky":false,"template":"","format":"standard","meta":{"footnotes":""},"categories":[204,1],"tags":[],"class_list":["post-8609","post","type-post","status-publish","format-standard","hentry","category-blog","category-escritos"],"_links":{"self":[{"href":"https:\/\/lisandrogaertner.net\/blog\/wp-json\/wp\/v2\/posts\/8609","targetHints":{"allow":["GET"]}}],"collection":[{"href":"https:\/\/lisandrogaertner.net\/blog\/wp-json\/wp\/v2\/posts"}],"about":[{"href":"https:\/\/lisandrogaertner.net\/blog\/wp-json\/wp\/v2\/types\/post"}],"author":[{"embeddable":true,"href":"https:\/\/lisandrogaertner.net\/blog\/wp-json\/wp\/v2\/users\/1"}],"replies":[{"embeddable":true,"href":"https:\/\/lisandrogaertner.net\/blog\/wp-json\/wp\/v2\/comments?post=8609"}],"version-history":[{"count":6,"href":"https:\/\/lisandrogaertner.net\/blog\/wp-json\/wp\/v2\/posts\/8609\/revisions"}],"predecessor-version":[{"id":8617,"href":"https:\/\/lisandrogaertner.net\/blog\/wp-json\/wp\/v2\/posts\/8609\/revisions\/8617"}],"wp:attachment":[{"href":"https:\/\/lisandrogaertner.net\/blog\/wp-json\/wp\/v2\/media?parent=8609"}],"wp:term":[{"taxonomy":"category","embeddable":true,"href":"https:\/\/lisandrogaertner.net\/blog\/wp-json\/wp\/v2\/categories?post=8609"},{"taxonomy":"post_tag","embeddable":true,"href":"https:\/\/lisandrogaertner.net\/blog\/wp-json\/wp\/v2\/tags?post=8609"}],"curies":[{"name":"wp","href":"https:\/\/api.w.org\/{rel}","templated":true}]}}