{"id":8657,"date":"2024-04-19T07:24:12","date_gmt":"2024-04-19T10:24:12","guid":{"rendered":"https:\/\/lisandrogaertner.net\/blog\/?p=8657"},"modified":"2024-04-19T09:20:18","modified_gmt":"2024-04-19T12:20:18","slug":"sim-mas-a-pirataria","status":"publish","type":"post","link":"https:\/\/lisandrogaertner.net\/blog\/sim-mas-a-pirataria\/","title":{"rendered":"Sim, mas a pirataria&#8230;."},"content":{"rendered":"<p>Olha s\u00f3, recentemente fiquei pr\u00f3ximo de, ou, melhor, fui tragado para algumas discuss\u00f5es sobre a livre circula\u00e7\u00e3o de livros em formato digital, a.k.a. pirataria, e achei de bom tom explicar por que sou contr\u00e1rio a esse comportamento por crit\u00e9rios pr\u00e1ticos e n\u00e3o exatamente morais ou legais.<\/p>\n<p>S\u00f3 pra contextualizar meu lugar de fala: como algumas pessoas sabem, fui s\u00f3cio de duas livrarias, a Baratos (da Ribeiro) e o Le Bon Sebon; sou um leitor e comprador de livros contumaz, os livros empilhados pela minha casa que o digam; e hoje uma das minhas atribui\u00e7\u00f5es profissionais \u00e9 gerenciar uma biblioteca t\u00e9cnica privada, mas aberta ao p\u00fablico, com mais de 30 mil volumes f\u00edsicos e digitais. Dito isso, ningu\u00e9m precisa me explicar como \u00e9 importante para a cultura e o ecossistema do livro que as pessoas os comprem. Afinal, sem recursos financeiros, editoras n\u00e3o publicam, livrarias n\u00e3o conseguem manter suas portas abertas, e os tais dos livros n\u00e3o chegam \u00e0s m\u00e3os (e aos olhos) dos leitores.<\/p>\n<p>Ah, \u00e9, por falar nisso, n\u00e3o sei se est\u00e3o cientes, mas a responsabilidade do fechamento de v\u00e1rias livrarias \u00e9, sim, parcialmente de quem n\u00e3o consome nelas para baixar em seus HD livros que nunca ler\u00e3o. Esse tipo de h\u00e1bito infantil e pernicioso acaba gerando um dos momentos que me d\u00e1 mais raiva na vida, quando a pequena e combalida livraria de bairro fecha, como ocorreu recentemente aqui perto de casa com a Galileu, e o povo se junta em lamentos p\u00fablicos pelas lojas que n\u00e3o frequentava. Na boa, \u00e9 muito f\u00e1cil ser defensor da cultura no seu vel\u00f3rio pra pagar de bom mo\u00e7o.<\/p>\n<div id=\"attachment_8658\" style=\"width: 1610px\" class=\"wp-caption alignnone\"><img decoding=\"async\" aria-describedby=\"caption-attachment-8658\" class=\"size-full wp-image-8658\" src=\"https:\/\/lisandrogaertner.net\/blog\/wp-content\/uploads\/2024\/04\/IMG_20240109_111521.jpg\" alt=\"\" width=\"1600\" height=\"1200\" srcset=\"https:\/\/lisandrogaertner.net\/blog\/wp-content\/uploads\/2024\/04\/IMG_20240109_111521.jpg 1600w, https:\/\/lisandrogaertner.net\/blog\/wp-content\/uploads\/2024\/04\/IMG_20240109_111521-300x225.jpg 300w, https:\/\/lisandrogaertner.net\/blog\/wp-content\/uploads\/2024\/04\/IMG_20240109_111521-1024x768.jpg 1024w, https:\/\/lisandrogaertner.net\/blog\/wp-content\/uploads\/2024\/04\/IMG_20240109_111521-768x576.jpg 768w, https:\/\/lisandrogaertner.net\/blog\/wp-content\/uploads\/2024\/04\/IMG_20240109_111521-1536x1152.jpg 1536w\" sizes=\"(max-width: 1600px) 100vw, 1600px\" \/><p id=\"caption-attachment-8658\" class=\"wp-caption-text\">Depois que a livraria fecha n\u00e3o adianta fazer homenagem<\/p><\/div>\n<p>Ah, mas os pre\u00e7os dos livros&#8230; Bom, sim, s\u00e3o\/est\u00e3o caros, mas posso te contar um segredo? Os pre\u00e7os dos livros ser\u00e3o cada vez mais caros quanto menos pessoas os consumirem. E, pasme, se a condi\u00e7\u00e3o financeira for realmente um problema, n\u00e3o sei se lhe contaram mas tem uns lugares que vendem livros de segunda m\u00e3o, chamados sebos, onde voc\u00ea pode comprar a pre\u00e7os bem mais em conta obras, muitas vezes, em excelente estado e, surpresa, em que as palavras est\u00e3o na mesma ordem que nos livros novos. Isso n\u00e3o \u00e9 genial?<\/p>\n<p>Pra melhorar, talvez ainda n\u00e3o seja do seu conhecimento, mas ainda inventaram um outro lugar incr\u00edvel onde voc\u00ea pode ir, ler e levar livros pra casa gratuitamente. Como \u00e9 o nome mesmo? Ah, Bibliotecas. \u00c9 assim que fala? Bibliotecas? Bom, elas tamb\u00e9m n\u00e3o v\u00e3o l\u00e1 muito bem das pernas, mas sabe por qu\u00ea? Porque as pessoas n\u00e3o as frequentam. A\u00ed os munic\u00edpios as fecham, os estados diminuem seus or\u00e7amentos, e apenas o Real Gabinete Portugu\u00eas de Leitura parece existir, n\u00e3o como Biblioteca, \u00f3bvio, mas como espa\u00e7o instagram\u00e1vel.<\/p>\n<div id=\"attachment_8659\" style=\"width: 872px\" class=\"wp-caption aligncenter\"><img decoding=\"async\" aria-describedby=\"caption-attachment-8659\" class=\"wp-image-8659 size-full\" src=\"https:\/\/lisandrogaertner.net\/blog\/wp-content\/uploads\/2024\/04\/FireShot-Capture-019-321658068_1106155413434711_8681585039637481453_n-e1673389611156.jpg-_-www.oriodejaneiro.com_.png\" alt=\"\" width=\"862\" height=\"862\" srcset=\"https:\/\/lisandrogaertner.net\/blog\/wp-content\/uploads\/2024\/04\/FireShot-Capture-019-321658068_1106155413434711_8681585039637481453_n-e1673389611156.jpg-_-www.oriodejaneiro.com_.png 862w, https:\/\/lisandrogaertner.net\/blog\/wp-content\/uploads\/2024\/04\/FireShot-Capture-019-321658068_1106155413434711_8681585039637481453_n-e1673389611156.jpg-_-www.oriodejaneiro.com_-300x300.png 300w, https:\/\/lisandrogaertner.net\/blog\/wp-content\/uploads\/2024\/04\/FireShot-Capture-019-321658068_1106155413434711_8681585039637481453_n-e1673389611156.jpg-_-www.oriodejaneiro.com_-150x150.png 150w, https:\/\/lisandrogaertner.net\/blog\/wp-content\/uploads\/2024\/04\/FireShot-Capture-019-321658068_1106155413434711_8681585039637481453_n-e1673389611156.jpg-_-www.oriodejaneiro.com_-768x768.png 768w\" sizes=\"(max-width: 862px) 100vw, 862px\" \/><p id=\"caption-attachment-8659\" class=\"wp-caption-text\">\u00c9 pra ler ou pra tirar foto?<\/p><\/div>\n<p>Ah, mas na sua cidade n\u00e3o tem biblioteca, nem livraria, ou voc\u00ea est\u00e1 com pressa para ler a tal obra. Sem problemas. Muitas bibliotecas s\u00e3o digitais e voc\u00ea pode acessar elas do seu IPhone, que comprou pra discutir com seu tio no whatsapp e custa basicamente o pre\u00e7o de uns 100 livros. Pra lhe facilitar, passo aqui o link da <a href=\"https:\/\/www.biblion.org.br\/\">Biblio On<\/a>, bel\u00edssima iniciativa digital do estado de S\u00e3o Paulo;  e da <a href=\"https:\/\/openlibrary.org\/\">Open Library<\/a> do Internet Archive que permite acesso a um enorme acervo de livros, filmes e m\u00fasicas legais, tanto no sentido jur\u00eddico como de qualidade. Quem diria que a Internet serviria pra acessar bibliotecas do mundo todo? Sensacional, n\u00e3o?<\/p>\n<p>Ah, t\u00e1, mas o teu problema \u00e9 ideol\u00f3gico. Voc\u00ea \u00e9 contra os conglomerados monopolistas, como a Amazon. Beleza, mas alegar estar lutando contra eles, para ficar circulando PDF por a\u00ed, enquanto compra geladeiras e TVs no site, e ignora as livrarias do seu bairro, \u00e9 quase a defini\u00e7\u00e3o literal de hipocrisia. E antes que venha me falar do mercado das editoras cient\u00edficas, <a href=\"https:\/\/www.theguardian.com\/science\/2017\/jun\/27\/profitable-business-scientific-publishing-bad-for-science\">conhe\u00e7a melhor a hist\u00f3ria delas<\/a> antes de tentar comparar com o mercado de livros comuns. Sim, o que elas fazem \u00e9 extors\u00e3o, mas s\u00f3 conseguem agir impunemente por mais de um s\u00e9culo, pois a publica\u00e7\u00e3o de trabalhos acad\u00eamicos, se n\u00e3o sabem, \u00e9 um mercado para autores, que precisam evidenciar produ\u00e7\u00e3o e ter visibilidade, e n\u00e3o para leitores, totalmente focado na venda de acesso a Universidades. Por falar nisso, quando foi a \u00faltima vez que foi a uma biblioteca universit\u00e1ria, sim, muitas s\u00e3o abertas \u00e0 comunidade, para ler trabalhos acad\u00eamicos? Ok, vou lhe dar um tempinho pra tentar localizar na mem\u00f3ria esse momento m\u00e1gico.<\/p>\n<p>Seja como for, o que eu quero dizer \u00e9: n\u00e3o pirateiem livros. Mas, se nem os argumentos financeiros, nem pr\u00e1ticos, nem \u00e9ticos balan\u00e7aram a sua consci\u00eancia, acho que n\u00e3o tem jeito mesmo. Ent\u00e3o, esque\u00e7a tudo o que disse, baixe seus livros, finja que os l\u00ea, pavoneie a sua enorme biblioteca digital virgem pelas redes sociais da vida, e tenha certeza que por mais que se diga um(a) leitor(a), voc\u00ea n\u00e3o faz parte da comunidade.<\/p>\n<p>Sim, voc\u00ea n\u00e3o faz parte, pois essa comunidade n\u00e3o \u00e9 um clube de compras ou consumidores, nem um encontro de acumuladores; essa \u00e9 uma comunidade de pessoas que querem trocar sobre o que leram, sobre as ideias que tiveram, sobre o que os livros lhes fizeram refletir, sentir, e amar. \u00c9 uma comunidade que n\u00e3o termina no livro, mas que come\u00e7a nele. E para acolher os encontros dessa comunidade \u00e9 que precisamos manter vivos esses espa\u00e7os f\u00edsicos e virtuais de trocas de conhecimento, que s\u00e3o muito mais do que simples templos de com\u00e9rcio ou armaz\u00e9ns de secos e molhados. Esses espa\u00e7os s\u00e3o, ou pelo menos deveriam ser, um lar fora do nosso lar. E nossos lares est\u00e3o amea\u00e7ados justamente pelos h\u00e1bitos imaturos e imediatistas daqueles que mais deveriam nos apoiar.<\/p>\n<p>Sim, hoje, voc\u00ea, filho pr\u00f3digo, que se afastou de n\u00f3s por pura comodidade, p\u00f5e em risco o pr\u00f3prio lugar de onde veio. Mas, se mudar de ideia, sabe onde nos encontrar e ser\u00e1 um grande prazer lhe receber de volta ao seu lar.<\/p>\n<div id=\"attachment_8660\" style=\"width: 510px\" class=\"wp-caption aligncenter\"><img decoding=\"async\" aria-describedby=\"caption-attachment-8660\" class=\"size-full wp-image-8660\" src=\"https:\/\/lisandrogaertner.net\/blog\/wp-content\/uploads\/2024\/04\/sempre-imaginei-que.jpg\" alt=\"\" width=\"500\" height=\"333\" srcset=\"https:\/\/lisandrogaertner.net\/blog\/wp-content\/uploads\/2024\/04\/sempre-imaginei-que.jpg 500w, https:\/\/lisandrogaertner.net\/blog\/wp-content\/uploads\/2024\/04\/sempre-imaginei-que-300x200.jpg 300w\" sizes=\"(max-width: 500px) 100vw, 500px\" \/><p id=\"caption-attachment-8660\" class=\"wp-caption-text\">Na verdade, uma biblioteca, mas n\u00e3o um diret\u00f3rio cheio de PDF<\/p><\/div>\n","protected":false},"excerpt":{"rendered":"<p>Olha s\u00f3, recentemente fiquei pr\u00f3ximo de, ou, melhor, fui tragado para algumas discuss\u00f5es sobre a livre circula\u00e7\u00e3o de livros em formato digital, a.k.a. pirataria, e achei de bom tom explicar por que sou contr\u00e1rio a esse comportamento por crit\u00e9rios pr\u00e1ticos e n\u00e3o exatamente morais ou legais. S\u00f3 pra contextualizar meu lugar de fala: como algumas [&hellip;]<\/p>\n","protected":false},"author":1,"featured_media":0,"comment_status":"open","ping_status":"open","sticky":false,"template":"","format":"standard","meta":{"footnotes":""},"categories":[1],"tags":[],"class_list":["post-8657","post","type-post","status-publish","format-standard","hentry","category-escritos"],"_links":{"self":[{"href":"https:\/\/lisandrogaertner.net\/blog\/wp-json\/wp\/v2\/posts\/8657","targetHints":{"allow":["GET"]}}],"collection":[{"href":"https:\/\/lisandrogaertner.net\/blog\/wp-json\/wp\/v2\/posts"}],"about":[{"href":"https:\/\/lisandrogaertner.net\/blog\/wp-json\/wp\/v2\/types\/post"}],"author":[{"embeddable":true,"href":"https:\/\/lisandrogaertner.net\/blog\/wp-json\/wp\/v2\/users\/1"}],"replies":[{"embeddable":true,"href":"https:\/\/lisandrogaertner.net\/blog\/wp-json\/wp\/v2\/comments?post=8657"}],"version-history":[{"count":4,"href":"https:\/\/lisandrogaertner.net\/blog\/wp-json\/wp\/v2\/posts\/8657\/revisions"}],"predecessor-version":[{"id":8664,"href":"https:\/\/lisandrogaertner.net\/blog\/wp-json\/wp\/v2\/posts\/8657\/revisions\/8664"}],"wp:attachment":[{"href":"https:\/\/lisandrogaertner.net\/blog\/wp-json\/wp\/v2\/media?parent=8657"}],"wp:term":[{"taxonomy":"category","embeddable":true,"href":"https:\/\/lisandrogaertner.net\/blog\/wp-json\/wp\/v2\/categories?post=8657"},{"taxonomy":"post_tag","embeddable":true,"href":"https:\/\/lisandrogaertner.net\/blog\/wp-json\/wp\/v2\/tags?post=8657"}],"curies":[{"name":"wp","href":"https:\/\/api.w.org\/{rel}","templated":true}]}}