{"id":8691,"date":"2024-05-17T07:32:56","date_gmt":"2024-05-17T10:32:56","guid":{"rendered":"https:\/\/lisandrogaertner.net\/blog\/?p=8691"},"modified":"2024-07-13T09:59:54","modified_gmt":"2024-07-13T12:59:54","slug":"nesse-momento-no-rio-grande-do-sul","status":"publish","type":"post","link":"https:\/\/lisandrogaertner.net\/blog\/nesse-momento-no-rio-grande-do-sul\/","title":{"rendered":"Nesse momento, no Rio Grande do Sul&#8230;"},"content":{"rendered":"<p>Nesse momento, a situa\u00e7\u00e3o do Rio Grande do Sul j\u00e1 se estende por mais de duas semanas e n\u00e3o h\u00e1 aparente sinal de melhoria. Na TV, experientes profissionais de resgate dizem que, ap\u00f3s o primeiro choque, a situa\u00e7\u00e3o j\u00e1 deveria ter melhorado progressivamente. Mas, como no Rio Grande do Sul, ainda n\u00e3o h\u00e1 o menor sinal de melhora, talvez n\u00e3o tenhamos chegado ao \u00e1pice da trag\u00e9dia, o que \u00e9 extremamente preocupante.<\/p>\n<p>Nesse momento, al\u00e9m de sentirmos que n\u00e3o temos a menor ag\u00eancia sobre isso, mas, surpreendentemente, at\u00e9 temos, o momento hist\u00f3rico, representando por essa conjun\u00e7\u00e3o perversa de capitalismo tardio neo-liberal e redes sociais mediadas por IA, s\u00f3 exacerba a fal\u00e1cia da autossufici\u00eancia individual que nos faz nos afastar cada vez mais uns dos outros.<\/p>\n<p>Nesse momento, niilistas pr\u00f3 ativos utilizam o desastre como cortina de fuma\u00e7a para dobrar as apostas na destrui\u00e7\u00e3o do nosso ambiente natural em nome de um lucro f\u00e1cil, e se aproveitam da mobiliza\u00e7\u00e3o emocional da cat\u00e1strofe para criar e espalhar fake news com motivos eleitoreiros. A internet, ao mesmo tempo em que dissemina toda essa vilania, pasteuriza as iniciativas bem intencionadas e transforma qualquer resqu\u00edcio de solidariedade em um culto ao EU. Era pra ser diferente? Num mundo com excesso de ru\u00eddo que se finge de informa\u00e7\u00e3o, os maus, \u00f3bvio, s\u00e3o exaltados e os bons, desacreditados.<\/p>\n<p>Nesse momento, em que n\u00e3o podemos contar com governos nem com a tal m\u00e3o invis\u00edvel da economia para nos salvar, s\u00f3 h\u00e1 uma sa\u00edda: nos despir nossas certezas e egos para buscar uma uni\u00e3o sincera, mas n\u00e3o ing\u00eanua, <a href=\"https:\/\/www.serpentinegalleries.org\/art-and-ideas\/being-present-in-our-problems\/?ref=magazine.frontier.is\">aos moldes do que Richard Sennitt preconiza<\/a>. Se n\u00e3o seguirmos esse caminho, em breve entraremos para a mem\u00f3ria de Gaia como uma col\u00f4nia desgovernada de v\u00edrus destrutivos que a corroeram por mil\u00eanios at\u00e9 sucumbirem \u00e0s defesas naturais da pr\u00f3pria Terra. Quem diria que ir\u00edamos nos descobrir como microorganismos patog\u00eanicos atacados por anticorpos geol\u00f3gicos?<\/p>\n<p>Nesse momento, s\u00f3 nos resta escolher nosso destino biol\u00f3gico coletivo: seremos v\u00edrus, parasitas ou simbiontes desse espa\u00e7o magn\u00edfico que fez a gentileza de nos acolher?<\/p>\n<p>Nesse momento, a humanidade parece ter feito a escolha errada.<\/p>\n<p>Nesse momento, tor\u00e7o e rezo para que voltemos atr\u00e1s.<\/p>\n<p>Nesse momento, me faltam retic\u00eancias&#8230;<\/p>\n","protected":false},"excerpt":{"rendered":"<p>Nesse momento, a situa\u00e7\u00e3o do Rio Grande do Sul j\u00e1 se estende por mais de duas semanas e n\u00e3o h\u00e1 aparente sinal de melhoria. Na TV, experientes profissionais de resgate dizem que, ap\u00f3s o primeiro choque, a situa\u00e7\u00e3o j\u00e1 deveria ter melhorado progressivamente. Mas, como no Rio Grande do Sul, ainda n\u00e3o h\u00e1 o menor [&hellip;]<\/p>\n","protected":false},"author":1,"featured_media":0,"comment_status":"open","ping_status":"open","sticky":false,"template":"","format":"standard","meta":{"footnotes":""},"categories":[204,1],"tags":[],"class_list":["post-8691","post","type-post","status-publish","format-standard","hentry","category-blog","category-escritos"],"_links":{"self":[{"href":"https:\/\/lisandrogaertner.net\/blog\/wp-json\/wp\/v2\/posts\/8691","targetHints":{"allow":["GET"]}}],"collection":[{"href":"https:\/\/lisandrogaertner.net\/blog\/wp-json\/wp\/v2\/posts"}],"about":[{"href":"https:\/\/lisandrogaertner.net\/blog\/wp-json\/wp\/v2\/types\/post"}],"author":[{"embeddable":true,"href":"https:\/\/lisandrogaertner.net\/blog\/wp-json\/wp\/v2\/users\/1"}],"replies":[{"embeddable":true,"href":"https:\/\/lisandrogaertner.net\/blog\/wp-json\/wp\/v2\/comments?post=8691"}],"version-history":[{"count":3,"href":"https:\/\/lisandrogaertner.net\/blog\/wp-json\/wp\/v2\/posts\/8691\/revisions"}],"predecessor-version":[{"id":8694,"href":"https:\/\/lisandrogaertner.net\/blog\/wp-json\/wp\/v2\/posts\/8691\/revisions\/8694"}],"wp:attachment":[{"href":"https:\/\/lisandrogaertner.net\/blog\/wp-json\/wp\/v2\/media?parent=8691"}],"wp:term":[{"taxonomy":"category","embeddable":true,"href":"https:\/\/lisandrogaertner.net\/blog\/wp-json\/wp\/v2\/categories?post=8691"},{"taxonomy":"post_tag","embeddable":true,"href":"https:\/\/lisandrogaertner.net\/blog\/wp-json\/wp\/v2\/tags?post=8691"}],"curies":[{"name":"wp","href":"https:\/\/api.w.org\/{rel}","templated":true}]}}