{"id":8924,"date":"2024-10-08T12:50:55","date_gmt":"2024-10-08T15:50:55","guid":{"rendered":"https:\/\/lisandrogaertner.net\/blog\/?p=8924"},"modified":"2024-10-08T12:56:50","modified_gmt":"2024-10-08T15:56:50","slug":"primaverar","status":"publish","type":"post","link":"https:\/\/lisandrogaertner.net\/blog\/primaverar\/","title":{"rendered":"Primaverar"},"content":{"rendered":"<p>Sem o conhecimento de seus devotos, os deuses, sob carnes mortais, uma vez a cada cem anos, viviam por um dia sobre a Terra para tentar entender o que experienciavam aqueles que os temiam.<\/p>\n<p>Nessas oportunidades, eles sentiam calor e frio. Nessas oportunidades, eles sentiam medo e paix\u00e3o. Nessas oportunidades, eles se extasiavam com a vida e se desesperavam com a morte; dois conceitos que nunca poderiam experimentar enquanto divindades.<\/p>\n<p>Nessas oportunidades, com os p\u00e9s nus sobre a terra, e as cabe\u00e7as descobertas sob os c\u00e9us, eles podiam entender como era n\u00e3o estar l\u00e1, nem c\u00e1; eles podiam entender a dor e o prazer de serem provis\u00f3rios, ef\u00eameros; de serem os que podem n\u00e3o ser e, ao mesmo tempo, s\u00e3o.<\/p>\n<p>Nessas oportunidades, todos eles aproveitavam para lan\u00e7ar suas sementes sobre a Terra, na forma de monumentos, hist\u00f3rias, can\u00e7\u00f5es, ideias, ou, mesmo, descendentes. Criavam com isso os la\u00e7os que n\u00e3o os deixariam esquecer que os pal\u00e1cios et\u00e9reos, de onde comandavam o universo, n\u00e3o passavam de constru\u00e7\u00f5es emocionais cimentadas pelos gr\u00e3os gerados pelo que a humanidade planta, todos os dias, com suas preces, s\u00faplicas e devo\u00e7\u00f5es.<\/p>\n<p>Nessas oportunidades, aqueles que estavam al\u00e9m do tempo aprendiam a florescer, a primaverar. Contemos os nossos gr\u00e3os.<\/p>\n<p><a href=\"https:\/\/toranja.substack.com\/p\/literoutubro-ano-03\"><img decoding=\"async\" class=\"size-full wp-image-8886 aligncenter\" src=\"https:\/\/lisandrogaertner.net\/blog\/wp-content\/uploads\/2024\/10\/literoutubro_banner_2024.jpg\" alt=\"\" width=\"700\" height=\"100\" srcset=\"https:\/\/lisandrogaertner.net\/blog\/wp-content\/uploads\/2024\/10\/literoutubro_banner_2024.jpg 700w, https:\/\/lisandrogaertner.net\/blog\/wp-content\/uploads\/2024\/10\/literoutubro_banner_2024-300x43.jpg 300w\" sizes=\"(max-width: 700px) 100vw, 700px\" \/><\/a><\/p>\n","protected":false},"excerpt":{"rendered":"<p>Sem o conhecimento de seus devotos, os deuses, sob carnes mortais, uma vez a cada cem anos, viviam por um dia sobre a Terra para tentar entender o que experienciavam aqueles que os temiam. Nessas oportunidades, eles sentiam calor e frio. Nessas oportunidades, eles sentiam medo e paix\u00e3o. Nessas oportunidades, eles se extasiavam com a [&hellip;]<\/p>\n","protected":false},"author":1,"featured_media":0,"comment_status":"open","ping_status":"open","sticky":false,"template":"","format":"standard","meta":{"footnotes":""},"categories":[206],"tags":[235],"class_list":["post-8924","post","type-post","status-publish","format-standard","hentry","category-microconto","tag-literoutubro2024"],"_links":{"self":[{"href":"https:\/\/lisandrogaertner.net\/blog\/wp-json\/wp\/v2\/posts\/8924","targetHints":{"allow":["GET"]}}],"collection":[{"href":"https:\/\/lisandrogaertner.net\/blog\/wp-json\/wp\/v2\/posts"}],"about":[{"href":"https:\/\/lisandrogaertner.net\/blog\/wp-json\/wp\/v2\/types\/post"}],"author":[{"embeddable":true,"href":"https:\/\/lisandrogaertner.net\/blog\/wp-json\/wp\/v2\/users\/1"}],"replies":[{"embeddable":true,"href":"https:\/\/lisandrogaertner.net\/blog\/wp-json\/wp\/v2\/comments?post=8924"}],"version-history":[{"count":6,"href":"https:\/\/lisandrogaertner.net\/blog\/wp-json\/wp\/v2\/posts\/8924\/revisions"}],"predecessor-version":[{"id":8929,"href":"https:\/\/lisandrogaertner.net\/blog\/wp-json\/wp\/v2\/posts\/8924\/revisions\/8929"}],"wp:attachment":[{"href":"https:\/\/lisandrogaertner.net\/blog\/wp-json\/wp\/v2\/media?parent=8924"}],"wp:term":[{"taxonomy":"category","embeddable":true,"href":"https:\/\/lisandrogaertner.net\/blog\/wp-json\/wp\/v2\/categories?post=8924"},{"taxonomy":"post_tag","embeddable":true,"href":"https:\/\/lisandrogaertner.net\/blog\/wp-json\/wp\/v2\/tags?post=8924"}],"curies":[{"name":"wp","href":"https:\/\/api.w.org\/{rel}","templated":true}]}}