{"id":8946,"date":"2024-10-12T17:06:32","date_gmt":"2024-10-12T20:06:32","guid":{"rendered":"https:\/\/lisandrogaertner.net\/blog\/?p=8946"},"modified":"2024-10-12T17:06:32","modified_gmt":"2024-10-12T20:06:32","slug":"o-bom-e-o-util","status":"publish","type":"post","link":"https:\/\/lisandrogaertner.net\/blog\/o-bom-e-o-util\/","title":{"rendered":"O bom e o \u00fatil"},"content":{"rendered":"<p>Quando Carl\u00e3o chegou na capela onde estavam velando meu pai, todo mundo veio me perguntar:<\/p>\n<p>-Voc\u00ea chamou ele?!<br \/>\n-N\u00e3o, eu n\u00e3o, claro que n\u00e3o. Vai ver s\u00f3 se eu ia chamar o Carl\u00e3o. Eu? N\u00e3o.<\/p>\n<p>E, n\u00e3o; antes que algu\u00e9m duvide, n\u00e3o, eu n\u00e3o chamei ele.<\/p>\n<p>Apesar de ser o mais inconveniente e mal educado dos meus amigos, ele, sabe-se l\u00e1 por que, desenvolveu algum tipo de amizade com o meu pai. Talvez fossem os maus modos, talvez fossem as observa\u00e7\u00f5es despudoradas, talvez fossem as piadas sem gra\u00e7a das quais at\u00e9 ele mesmo tinha vergonha de rir; seja o que for que tenha motivado essa amizade, ele n\u00e3o era s\u00f3 amigo meu, ele tamb\u00e9m era, ou, pelo menos, se tornou amigo do meu pai.<\/p>\n<p>-Algu\u00e9m contou pra ele- eu me defendi.- S\u00f3 pode. Algu\u00e9m ligado ao meu pai deve ter contado pra ele. S\u00f3 pode. S\u00f3 pode.<\/p>\n<p>S\u00f3 podia.<\/p>\n<p>Assim que chegou, depois de me cumprimentar, me suspendendo pela cintura e dando um sonoro tapa na minha bunda, ele fez a ronda da capela, batendo nas costas de todo mundo, e falando alto sobre comportamentos nada apreci\u00e1veis do meu pai. Ao fim de cada hist\u00f3ria impublic\u00e1vel, ele afirmava:<\/p>\n<p>-Ela era um safado dos diabos, mas tinha um cora\u00e7\u00e3o de santo. Sacou? Um santo dos diabos, n\u00e9?<\/p>\n<p>E desatava a rir.<\/p>\n<p>Mesmo sem ningu\u00e9m pedir, ou querer, ele se postou na porta da capela e fez as vezes de anfitri\u00e3o, me apontando pra todo mundo que chegava:<\/p>\n<p>-N\u00e3o esquece de falar com o filho, n\u00e9? Eles estavam meio separados nos \u00faltimos tempos, mas filho \u00e9 filho, n\u00e9?<\/p>\n<p>E as pessoas vinham me abra\u00e7ar e dar seus p\u00easames.<\/p>\n<p>A hora do sepultamento foi chegando e, sabe-se l\u00e1 como, ele come\u00e7ou a distribuir umas cervejas fingindo estar fazendo segredo:<\/p>\n<p>-Olha, s\u00f3, se n\u00e3o fosse o nosso amigo um beberr\u00e3o contumaz, eu nem teria trazido essas brejas pra homenage\u00e1-lo. Toma uma, vai! Voc\u00ea n\u00e3o vai fazer essa desfeita pra ele, n\u00e9?<\/p>\n<p>Intimidadas as pessoas come\u00e7aram a beber e, talvez influenciadas pelas tentativas frustradas do Carl\u00e3o de puxar um coro de &#8220;Ele foi um bom companheiro&#8221;, a falar alto.<\/p>\n<p>Quando o p\u00e1roco chegou para conduzir a ora\u00e7\u00e3o final, o povo j\u00e1 estava em festa. Quando perguntaram se algu\u00e9m queria falar algumas palavras, \u00f3bvio, Carl\u00e3o aceitou o convite e botou todo mundo pra cantar juntos &#8220;Jesus Cristo&#8221; do Roberto Carlos que ele jurou ser a m\u00fasica preferida do meu pai. N\u00e3o, n\u00e3o era. Ou talvez fosse. Pelo jeito o Carl\u00e3o conhecia meu pai melhor que eu.<\/p>\n<p>Na sa\u00edda, depois de tudo terminado, Carl\u00e3o me abra\u00e7ou, me deu um beijo na bochecha e me disse:<\/p>\n<p>-Fica tranquilo. Voc\u00ea foi um bom filho. Apesar de tudo, voc\u00ea foi um bom filho.<\/p>\n<p>Hoje, em que se completam 20 anos da morte do meu pai e, tamb\u00e9m, da \u00faltima vez em que eu vi o Carl\u00e3o, ainda me pergunto se essa participa\u00e7\u00e3o dele no vel\u00f3rio foi boa ou n\u00e3o; e, c\u00e1 entre n\u00f3s, ainda n\u00e3o sei o que responder. A \u00fanica coisa que eu sei \u00e9 que essa participa\u00e7\u00e3o foi providencial e, melhor, foi \u00fatil. Sim, foi \u00fatil, foi muito \u00fatil.<\/p>\n<p><a href=\"https:\/\/toranja.substack.com\/p\/literoutubro-ano-03\"><img decoding=\"async\" class=\"size-full wp-image-8886 aligncenter\" src=\"https:\/\/lisandrogaertner.net\/blog\/wp-content\/uploads\/2024\/10\/literoutubro_banner_2024.jpg\" alt=\"\" width=\"700\" height=\"100\" srcset=\"https:\/\/lisandrogaertner.net\/blog\/wp-content\/uploads\/2024\/10\/literoutubro_banner_2024.jpg 700w, https:\/\/lisandrogaertner.net\/blog\/wp-content\/uploads\/2024\/10\/literoutubro_banner_2024-300x43.jpg 300w\" sizes=\"(max-width: 700px) 100vw, 700px\" \/><\/a><\/p>\n","protected":false},"excerpt":{"rendered":"<p>Quando Carl\u00e3o chegou na capela onde estavam velando meu pai, todo mundo veio me perguntar: -Voc\u00ea chamou ele?! -N\u00e3o, eu n\u00e3o, claro que n\u00e3o. Vai ver s\u00f3 se eu ia chamar o Carl\u00e3o. Eu? N\u00e3o. E, n\u00e3o; antes que algu\u00e9m duvide, n\u00e3o, eu n\u00e3o chamei ele. Apesar de ser o mais inconveniente e mal educado [&hellip;]<\/p>\n","protected":false},"author":1,"featured_media":0,"comment_status":"open","ping_status":"open","sticky":false,"template":"","format":"standard","meta":{"footnotes":""},"categories":[206],"tags":[235],"class_list":["post-8946","post","type-post","status-publish","format-standard","hentry","category-microconto","tag-literoutubro2024"],"_links":{"self":[{"href":"https:\/\/lisandrogaertner.net\/blog\/wp-json\/wp\/v2\/posts\/8946","targetHints":{"allow":["GET"]}}],"collection":[{"href":"https:\/\/lisandrogaertner.net\/blog\/wp-json\/wp\/v2\/posts"}],"about":[{"href":"https:\/\/lisandrogaertner.net\/blog\/wp-json\/wp\/v2\/types\/post"}],"author":[{"embeddable":true,"href":"https:\/\/lisandrogaertner.net\/blog\/wp-json\/wp\/v2\/users\/1"}],"replies":[{"embeddable":true,"href":"https:\/\/lisandrogaertner.net\/blog\/wp-json\/wp\/v2\/comments?post=8946"}],"version-history":[{"count":2,"href":"https:\/\/lisandrogaertner.net\/blog\/wp-json\/wp\/v2\/posts\/8946\/revisions"}],"predecessor-version":[{"id":8948,"href":"https:\/\/lisandrogaertner.net\/blog\/wp-json\/wp\/v2\/posts\/8946\/revisions\/8948"}],"wp:attachment":[{"href":"https:\/\/lisandrogaertner.net\/blog\/wp-json\/wp\/v2\/media?parent=8946"}],"wp:term":[{"taxonomy":"category","embeddable":true,"href":"https:\/\/lisandrogaertner.net\/blog\/wp-json\/wp\/v2\/categories?post=8946"},{"taxonomy":"post_tag","embeddable":true,"href":"https:\/\/lisandrogaertner.net\/blog\/wp-json\/wp\/v2\/tags?post=8946"}],"curies":[{"name":"wp","href":"https:\/\/api.w.org\/{rel}","templated":true}]}}